{"id":2180,"date":"2016-08-12T19:15:09","date_gmt":"2016-08-12T17:15:09","guid":{"rendered":"http:\/\/www.keinblatt.de\/blog\/?p=2180"},"modified":"2016-08-14T06:39:43","modified_gmt":"2016-08-14T04:39:43","slug":"fuerstenhausen-brandenburg-verbietet-glatzen-springerstiefel-und-thor-steinar-klamotten-in-der-oeffentlichkeit","status":"publish","type":"post","link":"https:\/\/www.keinblatt.de\/blog\/fuerstenhausen-brandenburg-verbietet-glatzen-springerstiefel-und-thor-steinar-klamotten-in-der-oeffentlichkeit\/","title":{"rendered":"F\u00fcrstenhausen (Brandenburg) verbietet Glatzen, Springerstiefel und Thor-Steinar-Klamotten in der \u00d6ffentlichkeit"},"content":{"rendered":"<figure id=\"attachment_2181\" aria-describedby=\"caption-attachment-2181\" style=\"width: 300px\" class=\"wp-caption alignleft\"><a href=\"https:\/\/www.keinblatt.de\/blog\/wp-content\/uploads\/2016\/08\/Neonazi-skinheads-weiss-und-stolz.jpg\"><img loading=\"lazy\" decoding=\"async\" class=\"size-medium wp-image-2181\" src=\"https:\/\/www.keinblatt.de\/blog\/wp-content\/uploads\/2016\/08\/Neonazi-skinheads-weiss-und-stolz-300x200.jpg\" alt=\"Neonazi\" width=\"300\" height=\"200\" srcset=\"https:\/\/www.keinblatt.de\/blog\/wp-content\/uploads\/2016\/08\/Neonazi-skinheads-weiss-und-stolz-300x200.jpg 300w, https:\/\/www.keinblatt.de\/blog\/wp-content\/uploads\/2016\/08\/Neonazi-skinheads-weiss-und-stolz.jpg 640w\" sizes=\"auto, (max-width: 300px) 100vw, 300px\" \/><\/a><figcaption id=\"caption-attachment-2181\" class=\"wp-caption-text\">Rassistischer Neonazi als Skinhead (Symbolbild). Foto: <a href=\"https:\/\/commons.wikimedia.org\/wiki\/File:Neonazi-skinheads-weiss-und-stolz.jpg\" target=\"_blank\">Marek Peters \/ www.marek-peters.com<\/a> \/ Lizenz: <a href=\"https:\/\/en.wikipedia.org\/wiki\/en:GNU_Free_Documentation_License\" target=\"_blank\"> GNU Free Documentation License, Version 1.2<\/a><\/figcaption><\/figure>\n<p>F\u00fcrstenhausen (Brandenburg) hat das Tragen von Springerstiefeln und Thor-Steinar-Klamotten sowie die Zurschaustellung von Glatzen in der \u00d6ffentlichkeit ab sofort verboten. Der Hintergrund ist, dass es in letzter Zeit immer wieder Angriffe von Neonazis auf Fl\u00fcchtlinge gegeben hat. Sogar Brandanschl\u00e4ge auf Fl\u00fcchtlingsunterk\u00fcnfte wurden ver\u00fcbt.<\/p>\n<p>Kleidung und Symbole, die f\u00fcr die Neonaziszene st\u00fcnden, eine Bewegung, die mit der dunkelsten deutschen Geschichte sympathisiere und die an Terrorismus grenze, wolle er nicht mehr in der \u00d6ffentlichkeit sehen, so der B\u00fcrgermeister Karl M\u00fcller (parteilos). <a href=\"https:\/\/www.spiegel.de\/panorama\/gesellschaft\/cannes-verbietet-burkinis-am-strand-a-1107351.html\" target=\"_blank\">Erst heute war bekannt geworden, dass Cannes Burkinis am Strand verboten hat. Begr\u00fcndet wurde es vom dortigen B\u00fcrgermeister damit, dass die Kleidung nach seiner Meinung auf die Zugeh\u00f6rigkeit zu terroristischen Bewegungen hinweise. Bei Zuwiderhandlungen droht ein Bu\u00dfgeld<\/a>.<\/p>\n<h3>Glatzk\u00f6pfige m\u00fcssen jetzt Per\u00fccke aufsetzen<\/h3>\n<p>In F\u00fcrstenhausen will M\u00fcller \u00e4hnlich hart durchgreifen. Er droht mit empfindlichen Bu\u00dfgeldern, sollte es Zuwiderhandlungen geben. Springerstiefel und Thor-Steinar-Klamotten seien nun in der \u00d6ffentlichkeit ein Tabu. Wer eine Glatze habe, m\u00fcsse diese verdecken, so der B\u00fcrgermeister. Konkret m\u00fcssten Glatzk\u00f6pfige eine Per\u00fccke aufsetzen. Man wolle f\u00fcr eine \u00dcbergangszeit auch M\u00fctzen und Kopft\u00fccher akzeptieren, da nicht jeder eine Per\u00fccke parat habe. Es m\u00fcsse aber sichergestellt sein, dass von der Glatze rein gar nichts mehr zu sehen sei.<\/p>\n","protected":false},"excerpt":{"rendered":"<p>F\u00fcrstenhausen (Brandenburg) hat das Tragen von Springerstiefeln und Thor-Steinar-Klamotten sowie die Zurschaustellung von Glatzen in der \u00d6ffentlichkeit ab sofort verboten. Der Hintergrund ist, dass es in letzter Zeit immer wieder Angriffe von Neonazis auf Fl\u00fcchtlinge gegeben hat. Sogar Brandanschl\u00e4ge auf Fl\u00fcchtlingsunterk\u00fcnfte wurden ver\u00fcbt. Kleidung und Symbole, die f\u00fcr die Neonaziszene st\u00fcnden, eine Bewegung, die mit [&hellip;]<\/p>\n","protected":false},"author":1,"featured_media":0,"comment_status":"open","ping_status":"open","sticky":false,"template":"","format":"standard","meta":{"footnotes":""},"categories":[2,977,7,6,12],"tags":[1484,1486,1485,168,1151,1481,551,418,1191,1129,1487,1482],"class_list":["post-2180","post","type-post","status-publish","format-standard","hentry","category-gesellschaftliches","category-konflikteterrormilitaer","category-kriminalitat","category-politik","category-szene","tag-brandenburg","tag-burkini","tag-cannes","tag-fluechtlinge","tag-frankreich","tag-glatze","tag-islam","tag-islamismus","tag-migranten","tag-neonazis","tag-peruecke","tag-springerstiefel"],"_links":{"self":[{"href":"https:\/\/www.keinblatt.de\/blog\/wp-json\/wp\/v2\/posts\/2180","targetHints":{"allow":["GET"]}}],"collection":[{"href":"https:\/\/www.keinblatt.de\/blog\/wp-json\/wp\/v2\/posts"}],"about":[{"href":"https:\/\/www.keinblatt.de\/blog\/wp-json\/wp\/v2\/types\/post"}],"author":[{"embeddable":true,"href":"https:\/\/www.keinblatt.de\/blog\/wp-json\/wp\/v2\/users\/1"}],"replies":[{"embeddable":true,"href":"https:\/\/www.keinblatt.de\/blog\/wp-json\/wp\/v2\/comments?post=2180"}],"version-history":[{"count":0,"href":"https:\/\/www.keinblatt.de\/blog\/wp-json\/wp\/v2\/posts\/2180\/revisions"}],"wp:attachment":[{"href":"https:\/\/www.keinblatt.de\/blog\/wp-json\/wp\/v2\/media?parent=2180"}],"wp:term":[{"taxonomy":"category","embeddable":true,"href":"https:\/\/www.keinblatt.de\/blog\/wp-json\/wp\/v2\/categories?post=2180"},{"taxonomy":"post_tag","embeddable":true,"href":"https:\/\/www.keinblatt.de\/blog\/wp-json\/wp\/v2\/tags?post=2180"}],"curies":[{"name":"wp","href":"https:\/\/api.w.org\/{rel}","templated":true}]}}