{"id":2159,"date":"2016-08-01T17:59:15","date_gmt":"2016-08-01T15:59:15","guid":{"rendered":"http:\/\/www.keinblatt.de\/blog\/?p=2159"},"modified":"2020-01-04T16:23:11","modified_gmt":"2020-01-04T15:23:11","slug":"is-bekennt-sich-zur-ermordung-jesu-christi","status":"publish","type":"post","link":"https:\/\/www.keinblatt.de\/blog\/is-bekennt-sich-zur-ermordung-jesu-christi\/","title":{"rendered":"IS bekennt sich zur Ermordung Jesu Christi"},"content":{"rendered":"<figure id=\"attachment_2164\" aria-describedby=\"caption-attachment-2164\" style=\"width: 217px\" class=\"wp-caption alignleft\"><a href=\"https:\/\/www.keinblatt.de\/blog\/wp-content\/uploads\/2016\/08\/433px-Mathis_Gothart_Gr\u00fcnewald_047.jpg\"><img loading=\"lazy\" decoding=\"async\" class=\"size-medium wp-image-2164\" src=\"https:\/\/www.keinblatt.de\/blog\/wp-content\/uploads\/2016\/08\/433px-Mathis_Gothart_Gr\u00fcnewald_047-217x300.jpg\" alt=\"Kreuzigung Jesu Christi\" width=\"217\" height=\"300\" srcset=\"https:\/\/www.keinblatt.de\/blog\/wp-content\/uploads\/2016\/08\/433px-Mathis_Gothart_Gr\u00fcnewald_047-217x300.jpg 217w, https:\/\/www.keinblatt.de\/blog\/wp-content\/uploads\/2016\/08\/433px-Mathis_Gothart_Gr\u00fcnewald_047.jpg 433w\" sizes=\"auto, (max-width: 217px) 100vw, 217px\" \/><\/a><figcaption id=\"caption-attachment-2164\" class=\"wp-caption-text\">Die Geschichte muss wohl umgeschrieben werden. Der IS ist f\u00fcr die Hinrichtung Jesu Christi verantwortlich. Da es damals noch keine Bomben gab, wurde Jesus gekreuzigt. Lizenz: Public Domain<\/figcaption><\/figure>\n<p>In einer Videobotschaft bekennt sich der so genannte Islamische Staat (IS) zur Ermordung Jesu Christi. Es hei\u00dft, die Kreuzigung Jesu Christi vor rund 2000 Jahren sei eines der ersten gro\u00dfen Attentate des IS gewesen. Damit hat der IS den Christen mit einem besonders grausamen Attentat ihr Liebstes genommen, ihren Messias Jesus Christus.<\/p>\n<p>Ein IS-Sprecher sagte auf den Einwand, der Prophet Mohammed w\u00e4re doch erst 570 nach Christi geboren worden:<\/p>\n<p>&#8222;Wenn ich das schon h\u00f6re! Nach <em>Christi<\/em>. Selbst in den Jahresangaben muss offenbar schon dieser Ungl\u00e4ubige Jesus vertreten sein. Aber Sie bekommen trotzdem eine Antwort. Sie untersch\u00e4tzen den Islam. Allah ist ewig, er kennt keine Zeit, er <em>ist<\/em> die Zeit.&#8220;<\/p>\n<p>Doch der IS-Sprecher wird mit einem erneuten Einwand konfrontiert. Ohne die Kreuzigung und die Auferstehung Jesu Christi w\u00e4re das Christentum h\u00f6chstwahrscheinlich nie eine Weltreligion geworden. Erst die Auferstehung und die sp\u00e4tere Himmelfahrt h\u00e4tten die Gl\u00e4ubigen davon \u00fcberzeugt, dass Jesus Gottes Sohn sei. Damit w\u00e4re der IS ja verantwortlich f\u00fcr den Erfolg des Christentums. Der IS-Sprecher entgegnet:<\/p>\n<p>&#8222;Spinnen Sie jetzt komplett? Habe ich mit nur einem Wort gesagt, wir w\u00fcrden hinter der Auferstehung Jesu Christi stecken? Wollen Sie mir meine Bombenstimmung versauen? Na, also! Und jetzt lassen Sie mir meine Ruhe!&#8220;<\/p>\n<h3>Papst Franziskus verurteilt Attentat<\/h3>\n<p>In einer ersten Stellungnahme hat Papst Franziskus das Attentat auf das Sch\u00e4rfste verurteilt. Hunderte Millionen Christen aus aller Welt seien geschockt, so der Pontifex Maximus. Es sei ein &#8222;feiges und vor allem v\u00f6llig sinnloses Verbrechen&#8220; gewesen, das nur Unheil in der Welt ges\u00e4t h\u00e4tte \u2013 bis hin zur Inquisition und den brutalen Kreuzz\u00fcgen. Was denn als N\u00e4chstes komme, fragt der Papst. Dass nicht die Schlange, sondern der IS Eva verf\u00fchrt habe, von der verbotenen Frucht des Baumes der Erkenntnis zu essen? Dem IS sei alles zuzutrauen, spekuliert Franziskus.<img loading=\"lazy\" decoding=\"async\" class=\"vg\" style=\"display: none ! important;\" src=\"https:\/\/ssl-vg03.met.vgwort.de\/na\/026dec8db6a14056b6bc5e144b3854a0\" alt=\"\" width=\"1\" height=\"1\" \/><\/p>\n","protected":false},"excerpt":{"rendered":"<p>In einer Videobotschaft bekennt sich der so genannte Islamische Staat (IS) zur Ermordung Jesu Christi. Es hei\u00dft, die Kreuzigung Jesu Christi vor rund 2000 Jahren sei eines der ersten gro\u00dfen Attentate des IS gewesen. Damit hat der IS den Christen mit einem besonders grausamen Attentat ihr Liebstes genommen, ihren Messias Jesus Christus. Ein IS-Sprecher sagte [&hellip;]<\/p>\n","protected":false},"author":1,"featured_media":0,"comment_status":"open","ping_status":"open","sticky":false,"template":"","format":"standard","meta":{"footnotes":""},"categories":[23,977,11],"tags":[1283,1466,151,1465,551,430,814,1284,150,1341],"class_list":["post-2159","post","type-post","status-publish","format-standard","hentry","category-historisches","category-konflikteterrormilitaer","category-religion","tag-auferstehung","tag-christentum","tag-franziskus","tag-hinrichtung","tag-islam","tag-islamischer-staat","tag-jesus-christus","tag-kreuzigung","tag-papst","tag-prophet-mohammed"],"_links":{"self":[{"href":"https:\/\/www.keinblatt.de\/blog\/wp-json\/wp\/v2\/posts\/2159","targetHints":{"allow":["GET"]}}],"collection":[{"href":"https:\/\/www.keinblatt.de\/blog\/wp-json\/wp\/v2\/posts"}],"about":[{"href":"https:\/\/www.keinblatt.de\/blog\/wp-json\/wp\/v2\/types\/post"}],"author":[{"embeddable":true,"href":"https:\/\/www.keinblatt.de\/blog\/wp-json\/wp\/v2\/users\/1"}],"replies":[{"embeddable":true,"href":"https:\/\/www.keinblatt.de\/blog\/wp-json\/wp\/v2\/comments?post=2159"}],"version-history":[{"count":0,"href":"https:\/\/www.keinblatt.de\/blog\/wp-json\/wp\/v2\/posts\/2159\/revisions"}],"wp:attachment":[{"href":"https:\/\/www.keinblatt.de\/blog\/wp-json\/wp\/v2\/media?parent=2159"}],"wp:term":[{"taxonomy":"category","embeddable":true,"href":"https:\/\/www.keinblatt.de\/blog\/wp-json\/wp\/v2\/categories?post=2159"},{"taxonomy":"post_tag","embeddable":true,"href":"https:\/\/www.keinblatt.de\/blog\/wp-json\/wp\/v2\/tags?post=2159"}],"curies":[{"name":"wp","href":"https:\/\/api.w.org\/{rel}","templated":true}]}}