{"id":2149,"date":"2016-07-20T20:27:01","date_gmt":"2016-07-20T18:27:01","guid":{"rendered":"http:\/\/www.keinblatt.de\/blog\/?p=2149"},"modified":"2022-07-20T22:40:35","modified_gmt":"2022-07-20T20:40:35","slug":"hinz-gefaelschter-lebenslauf-al-qaida-bekennt-sich-um-mal-wieder-im-gespraech-zu-sein","status":"publish","type":"post","link":"https:\/\/www.keinblatt.de\/blog\/hinz-gefaelschter-lebenslauf-al-qaida-bekennt-sich-um-mal-wieder-im-gespraech-zu-sein\/","title":{"rendered":"Hinz\u2019 gef\u00e4lschter Lebenslauf \u2013 Al-Qaida bekennt sich, um mal wieder im Gespr\u00e4ch zu sein"},"content":{"rendered":"<figure id=\"attachment_2150\" aria-describedby=\"caption-attachment-2150\" style=\"width: 271px\" class=\"wp-caption alignleft\"><img loading=\"lazy\" decoding=\"async\" class=\"size-medium wp-image-2150\" src=\"https:\/\/www.keinblatt.de\/blog\/wp-content\/uploads\/2016\/07\/Osama_bin_Laden_portrait-271x300.jpg\" alt=\"Osama bin Laden\" width=\"271\" height=\"300\" srcset=\"https:\/\/www.keinblatt.de\/blog\/wp-content\/uploads\/2016\/07\/Osama_bin_Laden_portrait-271x300.jpg 271w, https:\/\/www.keinblatt.de\/blog\/wp-content\/uploads\/2016\/07\/Osama_bin_Laden_portrait.jpg 294w\" sizes=\"auto, (max-width: 271px) 100vw, 271px\" \/><figcaption id=\"caption-attachment-2150\" class=\"wp-caption-text\">Osama bin Laden (&#x271d;). Foto: <a href=\"https:\/\/de.wikipedia.org\/wiki\/Datei:Osama_bin_Laden_portrait.jpg\" target=\"_blank\">Hamid Mir<\/a> \/ Lizenz: <a href=\"https:\/\/creativecommons.org\/licenses\/by-sa\/3.0\/deed.de\" target=\"_blank\">CC BY-SA 3.0<\/a><\/figcaption><\/figure>\n<p>Die SPD-Politikerin Petra Hinz hat ihr Bundestagsmandat niedergelegt, nachdem bekannt geworden war, dass sie ihren Lebenslauf gef\u00e4lscht hatte. Sie hat beim Schulabschluss gelogen \u2013 sie hat kein normales Abitur \u2013 und sie hat auch keine juristischen Staatsexamina abgelegt. Durch diese bewusste T\u00e4uschung hat sie ihrer Partei schwer geschadet.<\/p>\n<h3>Al-Qaida bekennt sich zur Tat<\/h3>\n<p>Die islamistische Terrororganisation Al-Qaida hat sich nun zu der feigen Tat bekannt. Beobachter gehen davon aus, dass das zuletzt vom so genannten Islamischen Staat aus den Schlagzeilen verdr\u00e4ngte Terrornetzwerk auch mal wieder ins Gespr\u00e4ch kommen will.<\/p>\n<p>Der offiziell f\u00fcr tot erkl\u00e4rte Al-Qaida-Gr\u00fcnder Osama bin Laden hat sich inzwischen aus seinem Exil gemeldet. Er \u00fcbernimmt die Verantwortung f\u00fcr die Tat. Es ist bekannt, dass Al-Qaida kein Freund von Bildung, nicht nur speziell bei Frauen, ist, da sich ungebildete Menschen leichter f\u00fcr den heiligen Krieg mobilisieren lassen. Terrorexperten meinen, dass daher die Tat, bei der es sich um Aberkennung und Vort\u00e4uschung von Bildung handelt, durchaus in das Al-Qaida-Schema passe.<\/p>\n","protected":false},"excerpt":{"rendered":"<p>Die SPD-Politikerin Petra Hinz hat ihr Bundestagsmandat niedergelegt, nachdem bekannt geworden war, dass sie ihren Lebenslauf gef\u00e4lscht hatte. Sie hat beim Schulabschluss gelogen \u2013 sie hat kein normales Abitur \u2013 und sie hat auch keine juristischen Staatsexamina abgelegt. Durch diese bewusste T\u00e4uschung hat sie ihrer Partei schwer geschadet. Al-Qaida bekennt sich zur Tat Die islamistische [&hellip;]<\/p>\n","protected":false},"author":1,"featured_media":0,"comment_status":"open","ping_status":"open","sticky":false,"template":"","format":"standard","meta":{"footnotes":""},"categories":[977,6,3],"tags":[1452,1453,430,418,1451,1454,450],"class_list":["post-2149","post","type-post","status-publish","format-standard","hentry","category-konflikteterrormilitaer","category-politik","category-wissenschaft","tag-al-qaida","tag-faelschung","tag-islamischer-staat","tag-islamismus","tag-lebenslauf","tag-osama-bin-laden","tag-spd"],"_links":{"self":[{"href":"https:\/\/www.keinblatt.de\/blog\/wp-json\/wp\/v2\/posts\/2149","targetHints":{"allow":["GET"]}}],"collection":[{"href":"https:\/\/www.keinblatt.de\/blog\/wp-json\/wp\/v2\/posts"}],"about":[{"href":"https:\/\/www.keinblatt.de\/blog\/wp-json\/wp\/v2\/types\/post"}],"author":[{"embeddable":true,"href":"https:\/\/www.keinblatt.de\/blog\/wp-json\/wp\/v2\/users\/1"}],"replies":[{"embeddable":true,"href":"https:\/\/www.keinblatt.de\/blog\/wp-json\/wp\/v2\/comments?post=2149"}],"version-history":[{"count":0,"href":"https:\/\/www.keinblatt.de\/blog\/wp-json\/wp\/v2\/posts\/2149\/revisions"}],"wp:attachment":[{"href":"https:\/\/www.keinblatt.de\/blog\/wp-json\/wp\/v2\/media?parent=2149"}],"wp:term":[{"taxonomy":"category","embeddable":true,"href":"https:\/\/www.keinblatt.de\/blog\/wp-json\/wp\/v2\/categories?post=2149"},{"taxonomy":"post_tag","embeddable":true,"href":"https:\/\/www.keinblatt.de\/blog\/wp-json\/wp\/v2\/tags?post=2149"}],"curies":[{"name":"wp","href":"https:\/\/api.w.org\/{rel}","templated":true}]}}