{"id":2136,"date":"2016-07-13T19:01:36","date_gmt":"2016-07-13T17:01:36","guid":{"rendered":"http:\/\/www.keinblatt.de\/blog\/?p=2136"},"modified":"2016-07-13T19:40:22","modified_gmt":"2016-07-13T17:40:22","slug":"kopftuchverbot-wird-auf-erntemaschinen-ausgeweitet","status":"publish","type":"post","link":"https:\/\/www.keinblatt.de\/blog\/kopftuchverbot-wird-auf-erntemaschinen-ausgeweitet\/","title":{"rendered":"Kopftuchverbot wird auf Erntemaschinen ausgeweitet"},"content":{"rendered":"<figure id=\"attachment_2137\" aria-describedby=\"caption-attachment-2137\" style=\"width: 226px\" class=\"wp-caption alignleft\"><a href=\"https:\/\/www.keinblatt.de\/blog\/wp-content\/uploads\/2016\/07\/Bundesarchiv_Bild_183-76095-0001_Sermuth_B\u00e4uerin_mit_Ferkel.jpg\"><img loading=\"lazy\" decoding=\"async\" class=\"size-medium wp-image-2137\" src=\"https:\/\/www.keinblatt.de\/blog\/wp-content\/uploads\/2016\/07\/Bundesarchiv_Bild_183-76095-0001_Sermuth_B\u00e4uerin_mit_Ferkel-226x300.jpg\" alt=\"B\u00e4uerin mit Kopftuch\" width=\"226\" height=\"300\" srcset=\"https:\/\/www.keinblatt.de\/blog\/wp-content\/uploads\/2016\/07\/Bundesarchiv_Bild_183-76095-0001_Sermuth_B\u00e4uerin_mit_Ferkel-226x300.jpg 226w, https:\/\/www.keinblatt.de\/blog\/wp-content\/uploads\/2016\/07\/Bundesarchiv_Bild_183-76095-0001_Sermuth_B\u00e4uerin_mit_Ferkel.jpg 602w\" sizes=\"auto, (max-width: 226px) 100vw, 226px\" \/><\/a><figcaption id=\"caption-attachment-2137\" class=\"wp-caption-text\">Bald im Freien verboten: B\u00e4uerin mit Kopftuch. Foto: <a href=\"https:\/\/commons.wikimedia.org\/wiki\/File:Bundesarchiv_Bild_183-76095-0001,_Sermuth,_B%C3%A4uerin_mit_Ferkel.jpg\" target=\"_blank\">Heinz Koch<\/a> \/ Lizenz: <a href=\"https:\/\/creativecommons.org\/licenses\/by-sa\/3.0\/de\/deed.en\" target=\"_blank\">CC BY-SA 3.0 DE<\/a><\/figcaption><\/figure>\n<p>Die CSU setzt ihre Bestrebungen f\u00fcr ein weitgehendes Kopftuchverbot fort. Wie heute aus der M\u00fcnchner Parteizentrale zu h\u00f6ren war, wird in Zukunft an allen Arbeitspl\u00e4tzen in Deutschland ein Kopftuchverbot gelten, an denen das Kopftuch als religi\u00f6se Werbung verstanden werden kann. Das gilt f\u00fcr alle Arbeitspl\u00e4tze im \u00f6ffentlichen Dienst, aber auch im \u00f6ffentlichen Raum, etwa bei Arbeitspl\u00e4tzen im Freien. Das Gesetzesvorhaben wurde bereits vom Bundeskabinett beschlossen und soll nach der Sommerpause dem Bundestag vorgelegt werden.<\/p>\n<h3>B\u00e4uerinnen-Kopftuch sieht dem Kopftuch von Muslimas \u00e4hnlich<\/h3>\n<p>Die CSU best\u00e4tigte ausdr\u00fccklich, dass auch beispielsweise Landfrauen nach Inkrafttreten der neuen gesetzlichen Bestimmungen kein Kopftuch mehr auf Traktoren, Erntemaschinen und generell bei der Arbeit auf Feldern tragen d\u00fcrfen. Dazu hie\u00df es, dass das Landfrauen-Kopftuch dem islamischen Kopftuch \u00e4hnlich sehe und ohnehin gleiches Recht f\u00fcr alle zu gelten habe.<\/p>\n<h3>Kopftuch hat auch christliche Wurzeln<\/h3>\n<p>Au\u00dferdem sei das Kopftuch nicht nur im Islam ein religi\u00f6ses Symbol, sondern habe auch im Christentum Tradition. In orthodoxen Kirchen etwa ist das Kopftuch bis heute \u00fcblich.<\/p>\n<h3>Sicherheitsaspekte<\/h3>\n<p>Auch Sicherheitsaspekte werden angef\u00fchrt. Dort, wo allzu langes Haar in Maschinen geraten k\u00f6nnte, sei ein Kopftuch ohnehin kein ausreichender Schutz, die Schutzfunktion sei so &#8222;gut&#8220;, wie sich im Auto am Seitengriff festzuhalten, statt den Sicherheitsgurt anzulegen. Nur ein engmaschiges Haarnetz biete angemessene Sicherheit, hie\u00df es.<\/p>\n<p>Das Sicherheitsargument \u00fcberzeugte den Bayerischen Bauernverband, sodass dieser \u00fcberraschend auf einen Einspruch verzichtete.<\/p>\n<h3>Kampf gegen islamische Vollb\u00e4rte<\/h3>\n<figure id=\"attachment_2138\" aria-describedby=\"caption-attachment-2138\" style=\"width: 300px\" class=\"wp-caption alignright\"><a href=\"https:\/\/www.keinblatt.de\/blog\/wp-content\/uploads\/2016\/07\/beard-698509_960_720.jpg\"><img loading=\"lazy\" decoding=\"async\" class=\"size-medium wp-image-2138\" src=\"https:\/\/www.keinblatt.de\/blog\/wp-content\/uploads\/2016\/07\/beard-698509_960_720-300x200.jpg\" alt=\"Vollbart\" width=\"300\" height=\"200\" srcset=\"https:\/\/www.keinblatt.de\/blog\/wp-content\/uploads\/2016\/07\/beard-698509_960_720-300x200.jpg 300w, https:\/\/www.keinblatt.de\/blog\/wp-content\/uploads\/2016\/07\/beard-698509_960_720-768x512.jpg 768w, https:\/\/www.keinblatt.de\/blog\/wp-content\/uploads\/2016\/07\/beard-698509_960_720.jpg 960w\" sizes=\"auto, (max-width: 300px) 100vw, 300px\" \/><\/a><figcaption id=\"caption-attachment-2138\" class=\"wp-caption-text\">Vollbart: Noch darf er in Deutschland bleiben. Lizenz: Public Domain<\/figcaption><\/figure>\n<p>Ferner will die CSU Vollb\u00e4rte aus dem \u00f6ffentlichen Raum verbannen, da diese vor allem bei strenggl\u00e4ubigen Moslems und Islamisten verbreitet und damit auch ein religi\u00f6ses Zeichen seien. Im privaten Raum k\u00f6nne man diese jedoch nicht verbieten, hie\u00df es. Das Grundgesetz gebe das nicht her. Hier sucht die CSU noch nach einer L\u00f6sung, wie solch ein Bart in der \u00d6ffentlichkeit abgenommen und zu Hause wieder angelegt werden kann.<img loading=\"lazy\" decoding=\"async\" class=\"vg\" style=\"display: none ! important;\" src=\"https:\/\/ssl-vg03.met.vgwort.de\/na\/e54676fa93b74672b8e572dc26a9fec2\" alt=\"\" width=\"1\" height=\"1\" \/><\/p>\n","protected":false},"excerpt":{"rendered":"<p>Die CSU setzt ihre Bestrebungen f\u00fcr ein weitgehendes Kopftuchverbot fort. Wie heute aus der M\u00fcnchner Parteizentrale zu h\u00f6ren war, wird in Zukunft an allen Arbeitspl\u00e4tzen in Deutschland ein Kopftuchverbot gelten, an denen das Kopftuch als religi\u00f6se Werbung verstanden werden kann. Das gilt f\u00fcr alle Arbeitspl\u00e4tze im \u00f6ffentlichen Dienst, aber auch im \u00f6ffentlichen Raum, etwa bei [&hellip;]<\/p>\n","protected":false},"author":1,"featured_media":0,"comment_status":"open","ping_status":"open","sticky":false,"template":"","format":"standard","meta":{"footnotes":""},"categories":[26,977,6,11],"tags":[808,394,1440,551,1428,909,1441,1439],"class_list":["post-2136","post","type-post","status-publish","format-standard","hentry","category-braeuche","category-konflikteterrormilitaer","category-politik","category-religion","tag-bart","tag-csu","tag-ernte","tag-islam","tag-kleidung","tag-kopftuch","tag-landfrau","tag-landwirtschaft"],"_links":{"self":[{"href":"https:\/\/www.keinblatt.de\/blog\/wp-json\/wp\/v2\/posts\/2136","targetHints":{"allow":["GET"]}}],"collection":[{"href":"https:\/\/www.keinblatt.de\/blog\/wp-json\/wp\/v2\/posts"}],"about":[{"href":"https:\/\/www.keinblatt.de\/blog\/wp-json\/wp\/v2\/types\/post"}],"author":[{"embeddable":true,"href":"https:\/\/www.keinblatt.de\/blog\/wp-json\/wp\/v2\/users\/1"}],"replies":[{"embeddable":true,"href":"https:\/\/www.keinblatt.de\/blog\/wp-json\/wp\/v2\/comments?post=2136"}],"version-history":[{"count":0,"href":"https:\/\/www.keinblatt.de\/blog\/wp-json\/wp\/v2\/posts\/2136\/revisions"}],"wp:attachment":[{"href":"https:\/\/www.keinblatt.de\/blog\/wp-json\/wp\/v2\/media?parent=2136"}],"wp:term":[{"taxonomy":"category","embeddable":true,"href":"https:\/\/www.keinblatt.de\/blog\/wp-json\/wp\/v2\/categories?post=2136"},{"taxonomy":"post_tag","embeddable":true,"href":"https:\/\/www.keinblatt.de\/blog\/wp-json\/wp\/v2\/tags?post=2136"}],"curies":[{"name":"wp","href":"https:\/\/api.w.org\/{rel}","templated":true}]}}