{"id":212,"date":"2013-09-14T15:46:58","date_gmt":"2013-09-14T13:46:58","guid":{"rendered":"http:\/\/www.keinblatt.de\/blog\/?p=212"},"modified":"2016-07-07T14:39:45","modified_gmt":"2016-07-07T12:39:45","slug":"kirchen-wegen-sonntagsarbeit-angezeigt-bald-nur-boch-werktags-gottesdienste","status":"publish","type":"post","link":"https:\/\/www.keinblatt.de\/blog\/kirchen-wegen-sonntagsarbeit-angezeigt-bald-nur-boch-werktags-gottesdienste\/","title":{"rendered":"Kirchen wegen Sonntagsarbeit angezeigt \u2013 bald nur noch werktags Gottesdienste?"},"content":{"rendered":"<p>Gottfried Hassdenteufel ist stinksauer. Seit Urzeiten verstie\u00dfen die beiden Amtskirchen nach seiner Beobachtung gegen das Sonntagsarbeitsverbot, indem sie regelm\u00e4\u00dfig zehntausende Pfarrer und Altardiener zur Abhaltung von Gottesdiensten an Sonn- und Feiertagen verdonnerten.<\/p>\n<figure id=\"attachment_1561\" aria-describedby=\"caption-attachment-1561\" style=\"width: 300px\" class=\"wp-caption alignleft\"><a href=\"https:\/\/www.keinblatt.de\/blog\/wp-content\/uploads\/2013\/09\/Jarmen_Kirche_150-Jahre-Festgottesdienst_2014.jpg\"><img loading=\"lazy\" decoding=\"async\" class=\"size-medium wp-image-1561\" src=\"https:\/\/www.keinblatt.de\/blog\/wp-content\/uploads\/2013\/09\/Jarmen_Kirche_150-Jahre-Festgottesdienst_2014-300x226.jpg\" alt=\"Gottesdienst\" width=\"300\" height=\"226\" srcset=\"https:\/\/www.keinblatt.de\/blog\/wp-content\/uploads\/2013\/09\/Jarmen_Kirche_150-Jahre-Festgottesdienst_2014-300x226.jpg 300w, https:\/\/www.keinblatt.de\/blog\/wp-content\/uploads\/2013\/09\/Jarmen_Kirche_150-Jahre-Festgottesdienst_2014.jpg 797w\" sizes=\"auto, (max-width: 300px) 100vw, 300px\" \/><\/a><figcaption id=\"caption-attachment-1561\" class=\"wp-caption-text\">Ist der Kirche der Sonntag noch heilig? Foto: <a href=\"https:\/\/commons.wikimedia.org\/wiki\/File:Jarmen_Kirche_150-Jahre-Festgottesdienst_2014.jpg\" target=\"_blank\">Erell<\/a> \/ Lizenz: <a href=\"https:\/\/creativecommons.org\/licenses\/by-sa\/3.0\/deed.en\" target=\"_blank\">CC BY-SA 3.0<\/a><\/figcaption><\/figure>\n<p>Daher habe er seinen Anwalt kontaktiert, der dann nach umfassender Pr\u00fcfung eine Strafanzeige gegen die r\u00f6misch-katholische Kirche und die evangelische Kirche gestellt habe. Der Anwalt habe ihm mitgeteilt, dass er sich sicher sei, dass die Staatsanwaltschaft Anklage erheben werde und die Kirche in Zukunft diese Praktik einstellen m\u00fcsse.<\/p>\n<p>&#8222;Der Sonntag ist per Grundgesetz und auch per Arbeitszeitgesetz gesch\u00fctzt \u2013 als Tag der Ruhe und Entspannung&#8220;, sagt Hassdenteufel, &#8222;Sonntagsarbeit ist nicht erlaubt.&#8220; Es gebe zwar diverse Ausnahmen, vor allem f\u00fcr lebenswichtige Einrichtungen, etwa Feuerwehr, Polizei und Spit\u00e4ler, Tankstellen und Gastronomie. F\u00fcr Kirchen sehe das Gesetz auch eine Sonderreglung vor. Ausgenommen vom Sonntagarbeitsverbot seien dabei gem\u00e4\u00df Arbeitszeitgesetz:<\/p>\n<blockquote><p>Nichtgewerbliche Aktionen und Veranstaltungen der Kirchen, Religionsgesellschaften, Verb\u00e4nde, Vereine, Parteien und anderer \u00e4hnlicher Vereinigungen<\/p><\/blockquote>\n<p>Der Knackpunkt sei jedoch das <em>nichtgewerblich<\/em>. Hassdenteufel f\u00fchrt aus: &#8222;Die Kirchen nichtgewerblich? Da lache ich ja. Die beiden Amtskirchen geh\u00f6ren tats\u00e4chlich zu den gr\u00f6\u00dften und reichsten Wirtschaftsunternehmen in Deutschland. Sie sind Finanzriesen. Zusammen sind die beiden Kirchen der gr\u00f6\u00dfte Arbeitgeber in Deutschland nach dem Staat. Ihnen geh\u00f6ren unz\u00e4hlige Immobilien und Firmen. Sogar diverse Banken und Hotels sind im Besitz der Kirchen. Gewerblicher geht es gar nicht.&#8220;<\/p>\n<p>Laut Hassdenteufel seien die Gottesdienste ohnehin immer sp\u00e4rlicher besucht. Hassdenteufel wertet dieses Fernbleiben der Gl\u00e4ubigen als stillen Protest gegen die Sonntagsarbeit. Auch verursache die Sonntagsarbeit besonderen Stress f\u00fcr die Pfarrer, wo doch der Zuspruch durch immer weniger Anwesende sinke. Da fehlten die Erfolgserlebnisse, die im Beruf so wichtig seien.<\/p>\n<p>Hassdenteufel will den Sonntag wieder als ruhigeren Tag etablieren, an dem man nicht arbeite, an dem man sich der Familie widme und in die Kirche gehe.<img loading=\"lazy\" decoding=\"async\" class=\"vg\" style=\"display: none ! important;\" src=\"https:\/\/ssl-vg03.met.vgwort.de\/na\/0c22e879b98144f2bd583158d1ac54c1\" alt=\"\" width=\"1\" height=\"1\" \/><\/p>\n","protected":false},"excerpt":{"rendered":"<p>Gottfried Hassdenteufel ist stinksauer. Seit Urzeiten verstie\u00dfen die beiden Amtskirchen nach seiner Beobachtung gegen das Sonntagsarbeitsverbot, indem sie regelm\u00e4\u00dfig zehntausende Pfarrer und Altardiener zur Abhaltung von Gottesdiensten an Sonn- und Feiertagen verdonnerten. Daher habe er seinen Anwalt kontaktiert, der dann nach umfassender Pr\u00fcfung eine Strafanzeige gegen die r\u00f6misch-katholische Kirche und die evangelische Kirche gestellt habe. [&hellip;]<\/p>\n","protected":false},"author":1,"featured_media":0,"comment_status":"open","ping_status":"open","sticky":false,"template":"","format":"standard","meta":{"footnotes":""},"categories":[2,11],"tags":[778,777,779],"class_list":["post-212","post","type-post","status-publish","format-standard","hentry","category-gesellschaftliches","category-religion","tag-evangelische-kirche","tag-katholische-kirche","tag-sonntagsarbeit"],"_links":{"self":[{"href":"https:\/\/www.keinblatt.de\/blog\/wp-json\/wp\/v2\/posts\/212","targetHints":{"allow":["GET"]}}],"collection":[{"href":"https:\/\/www.keinblatt.de\/blog\/wp-json\/wp\/v2\/posts"}],"about":[{"href":"https:\/\/www.keinblatt.de\/blog\/wp-json\/wp\/v2\/types\/post"}],"author":[{"embeddable":true,"href":"https:\/\/www.keinblatt.de\/blog\/wp-json\/wp\/v2\/users\/1"}],"replies":[{"embeddable":true,"href":"https:\/\/www.keinblatt.de\/blog\/wp-json\/wp\/v2\/comments?post=212"}],"version-history":[{"count":0,"href":"https:\/\/www.keinblatt.de\/blog\/wp-json\/wp\/v2\/posts\/212\/revisions"}],"wp:attachment":[{"href":"https:\/\/www.keinblatt.de\/blog\/wp-json\/wp\/v2\/media?parent=212"}],"wp:term":[{"taxonomy":"category","embeddable":true,"href":"https:\/\/www.keinblatt.de\/blog\/wp-json\/wp\/v2\/categories?post=212"},{"taxonomy":"post_tag","embeddable":true,"href":"https:\/\/www.keinblatt.de\/blog\/wp-json\/wp\/v2\/tags?post=212"}],"curies":[{"name":"wp","href":"https:\/\/api.w.org\/{rel}","templated":true}]}}