{"id":2088,"date":"2016-06-06T15:23:23","date_gmt":"2016-06-06T13:23:23","guid":{"rendered":"http:\/\/www.keinblatt.de\/blog\/?p=2088"},"modified":"2020-02-27T01:35:34","modified_gmt":"2020-02-27T00:35:34","slug":"rassismus-blindenverein-lehnt-dunkelhaeutigen-bewerber-ab","status":"publish","type":"post","link":"https:\/\/www.keinblatt.de\/blog\/rassismus-blindenverein-lehnt-dunkelhaeutigen-bewerber-ab\/","title":{"rendered":"Rassismus: Blindenverein lehnt dunkelh\u00e4utigen Bewerber ab"},"content":{"rendered":"<figure id=\"attachment_3358\" aria-describedby=\"caption-attachment-3358\" style=\"width: 300px\" class=\"wp-caption alignleft\"><a href=\"https:\/\/www.keinblatt.de\/blog\/wp-content\/uploads\/2016\/06\/blind-149749.png\"><img loading=\"lazy\" decoding=\"async\" class=\"size-medium wp-image-3358\" src=\"https:\/\/www.keinblatt.de\/blog\/wp-content\/uploads\/2016\/06\/blind-149749-300x286.png\" alt=\"Symbol Blindheit\" width=\"300\" height=\"286\" srcset=\"https:\/\/www.keinblatt.de\/blog\/wp-content\/uploads\/2016\/06\/blind-149749-300x286.png 300w, https:\/\/www.keinblatt.de\/blog\/wp-content\/uploads\/2016\/06\/blind-149749-1024x978.png 1024w, https:\/\/www.keinblatt.de\/blog\/wp-content\/uploads\/2016\/06\/blind-149749-768x733.png 768w, https:\/\/www.keinblatt.de\/blog\/wp-content\/uploads\/2016\/06\/blind-149749-1536x1466.png 1536w, https:\/\/www.keinblatt.de\/blog\/wp-content\/uploads\/2016\/06\/blind-149749-1200x1146.png 1200w, https:\/\/www.keinblatt.de\/blog\/wp-content\/uploads\/2016\/06\/blind-149749.png 1920w\" sizes=\"auto, (max-width: 300px) 100vw, 300px\" \/><\/a><figcaption id=\"caption-attachment-3358\" class=\"wp-caption-text\">Symbol f\u00fcr Blindheit bzw. gro\u00dfe Einschr\u00e4nkung der Sehf\u00e4higkeit. Lizenz: Public Domain<\/figcaption><\/figure>\n<p>Beim S\u00fcddeutschen Blindenverein hat es einen unfassbaren Fall von Rassismus gegeben. Tayo B., dessen Eltern aus Ghana stammen, hatte sich im oberbayerischen Rei\u00dfbach f\u00fcr einen Sozialarbeiterjob vorgestellt.<\/p>\n<p>Der Bewerber berichtet, er habe nach der Ablehnung mehrfach nach den Gr\u00fcnden gefragt. Er habe dann schlie\u00dflich unmissverst\u00e4ndlich zu h\u00f6ren bekommen, dass man keine schwarzen Bewerber wolle.<\/p>\n<p>Die Arbeit h\u00e4tte sowohl B\u00fcroarbeit als auch Arbeit vor Ort mit blinden Menschen umfasst. Der Bewerber hat inzwischen Anzeige bei der Polizei wegen Diskriminierung erstattet.<\/p>\n","protected":false},"excerpt":{"rendered":"<p>Beim S\u00fcddeutschen Blindenverein hat es einen unfassbaren Fall von Rassismus gegeben. Tayo B., dessen Eltern aus Ghana stammen, hatte sich im oberbayerischen Rei\u00dfbach f\u00fcr einen Sozialarbeiterjob vorgestellt. Der Bewerber berichtet, er habe nach der Ablehnung mehrfach nach den Gr\u00fcnden gefragt. Er habe dann schlie\u00dflich unmissverst\u00e4ndlich zu h\u00f6ren bekommen, dass man keine schwarzen Bewerber wolle. Die [&hellip;]<\/p>\n","protected":false},"author":1,"featured_media":0,"comment_status":"open","ping_status":"open","sticky":false,"template":"","format":"standard","meta":{"footnotes":""},"categories":[2,7,6],"tags":[1378,615,1377,1379,1368,526],"class_list":["post-2088","post","type-post","status-publish","format-standard","hentry","category-gesellschaftliches","category-kriminalitat","category-politik","tag-blind","tag-diskriminierung","tag-dunkelhaeutig","tag-ghana","tag-hautfarbe","tag-rassismus"],"_links":{"self":[{"href":"https:\/\/www.keinblatt.de\/blog\/wp-json\/wp\/v2\/posts\/2088","targetHints":{"allow":["GET"]}}],"collection":[{"href":"https:\/\/www.keinblatt.de\/blog\/wp-json\/wp\/v2\/posts"}],"about":[{"href":"https:\/\/www.keinblatt.de\/blog\/wp-json\/wp\/v2\/types\/post"}],"author":[{"embeddable":true,"href":"https:\/\/www.keinblatt.de\/blog\/wp-json\/wp\/v2\/users\/1"}],"replies":[{"embeddable":true,"href":"https:\/\/www.keinblatt.de\/blog\/wp-json\/wp\/v2\/comments?post=2088"}],"version-history":[{"count":0,"href":"https:\/\/www.keinblatt.de\/blog\/wp-json\/wp\/v2\/posts\/2088\/revisions"}],"wp:attachment":[{"href":"https:\/\/www.keinblatt.de\/blog\/wp-json\/wp\/v2\/media?parent=2088"}],"wp:term":[{"taxonomy":"category","embeddable":true,"href":"https:\/\/www.keinblatt.de\/blog\/wp-json\/wp\/v2\/categories?post=2088"},{"taxonomy":"post_tag","embeddable":true,"href":"https:\/\/www.keinblatt.de\/blog\/wp-json\/wp\/v2\/tags?post=2088"}],"curies":[{"name":"wp","href":"https:\/\/api.w.org\/{rel}","templated":true}]}}