{"id":2065,"date":"2016-05-24T22:37:03","date_gmt":"2016-05-24T20:37:03","guid":{"rendered":"http:\/\/www.keinblatt.de\/blog\/?p=2065"},"modified":"2016-05-24T22:41:56","modified_gmt":"2016-05-24T20:41:56","slug":"satiriker-sauer-dass-hofer-verloren-hat","status":"publish","type":"post","link":"https:\/\/www.keinblatt.de\/blog\/satiriker-sauer-dass-hofer-verloren-hat\/","title":{"rendered":"Satiriker sauer, dass Hofer verloren hat"},"content":{"rendered":"<figure id=\"attachment_2066\" aria-describedby=\"caption-attachment-2066\" style=\"width: 196px\" class=\"wp-caption alignleft\"><a href=\"https:\/\/www.keinblatt.de\/blog\/wp-content\/uploads\/2016\/05\/Alexander_Van_der_Bellen_2016.jpg\"><img loading=\"lazy\" decoding=\"async\" class=\"size-medium wp-image-2066\" src=\"https:\/\/www.keinblatt.de\/blog\/wp-content\/uploads\/2016\/05\/Alexander_Van_der_Bellen_2016-196x300.jpg\" alt=\"Alexander Van der Bellen\" width=\"196\" height=\"300\" srcset=\"https:\/\/www.keinblatt.de\/blog\/wp-content\/uploads\/2016\/05\/Alexander_Van_der_Bellen_2016-196x300.jpg 196w, https:\/\/www.keinblatt.de\/blog\/wp-content\/uploads\/2016\/05\/Alexander_Van_der_Bellen_2016.jpg 391w\" sizes=\"auto, (max-width: 196px) 100vw, 196px\" \/><\/a><figcaption id=\"caption-attachment-2066\" class=\"wp-caption-text\">&#8222;\u00d6sterreich einen&#8220; \u2013 der designierte neue Bundespr\u00e4sident Alexander Van der Bellen. Foto: <a href=\"https:\/\/commons.wikimedia.org\/wiki\/File:Alexander_Van_der_Bellen_2016.jpg\" target=\"_blank\">Manfred Werner &#8211; Tsui<\/a> \/ Lizenz: <a href=\"https:\/\/creativecommons.org\/licenses\/by-sa\/3.0\/deed.de\" target=\"_blank\">CC BY-SA 3<\/a><\/figcaption><\/figure>\n<p>Deutschlands und \u00d6sterreichs Satiriker sind sauer. In Erwartung, dass Hofer gewinnt, haben sie jede Menge Artikel in den Stehsatz gestellt. Selbst Videos mit lustigen Schreckensszenarien, was unter Hofer alles droht, wurden gedreht.<\/p>\n<p>Nun war alles umsonst. &#8222;H\u00e4tte Hofer nicht zumindest ein bisschen Bundespr\u00e4sident werden k\u00f6nnen, dann k\u00f6nnten wir zeigen, dass sich \u00d6sterreich erst S\u00fcdtirol holt, dann Ungarn und schlie\u00dflich Deutschland. Bzw. w\u00e4re bei Letzterem die Reihenfolge andersherum gewesen. Nun aber ist da ein langweiliger Gr\u00fcner an der Spitze, der sich hinter seinem Tschikqualm kaum zu sehen ist. Was f\u00fcr eine Gemeinheit!&#8220;, so der Chefredakteur eines \u00f6sterreichischen Satiremagazins.<\/p>\n<p>Von einem bekannten deutschen Satiremagazin war folgende Meldung vorbereitet worden:<\/p>\n<blockquote><p>Rechtspopulist Hofer neuer \u00f6sterreichischer Bundespr\u00e4sident \u2013 Bayern l\u00e4sst Grenze nach \u00d6sterreich schlie\u00dfen. Einer Studie der Franz-Josef-Strau\u00df-Stiftung nach werden vor allem linksorientierte K\u00fcnstler und Politiker \u00d6sterreich verlassen. Dies k\u00f6nnte die CSU-Mehrheit im Freistaat gef\u00e4hrden.<\/p><\/blockquote>\n<p>Das Satiremagazin Extra 3 hatte die Falschmeldung<\/p>\n<blockquote><p>Briefwahl entscheidet: #Hofer gewinnt nach Ausz\u00e4hlung alter Feldpostbriefe<\/p><\/blockquote>\n<p>verbreitet, die aber nur im Falle eines Siegs Hofers richtig gez\u00fcndet h\u00e4tte. So muss jetzt Hofer in einer weiteren Meldung fordern, dass die Briefwahl verboten werden solle.<\/p>\n<p>Die politische Verantwortung ist den Satiremagazinen offenbar egal, auch wenn das niemand direkt zugeben will. Das Schielen nach Auflage und Klicks entspricht marktwirtschaftlichem Denken, das im Grund genommen der Intention der traditionell linken Satire zuwiderl\u00e4uft.<\/p>\n<p>Auch sollten manche Satiriker weiterdenken. Machtmenschen mit simplen Botschaften wie Hofer oder Trump m\u00f6gen zwar ideale Zielscheiben f\u00fcr Spott sein. Aber in Staaten, die sich zur Unfreiheit hin entwickeln, k\u00f6nnte das Klima f\u00fcr Satiriker dann ganz schnell rau werden. In der T\u00fcrkei etwa m\u00f6chten die Leute keine Satiriker mehr sein, sondern nun mit ehrlicher Arbeit Geld verdienen.<img loading=\"lazy\" decoding=\"async\" class=\"vg\" style=\"display: none ! important;\" src=\"https:\/\/ssl-vg03.met.vgwort.de\/na\/5a5acd7c15474d5d82e26b52d53ecd72\" alt=\"\" width=\"1\" height=\"1\" \/><\/p>\n","protected":false},"excerpt":{"rendered":"<p>Deutschlands und \u00d6sterreichs Satiriker sind sauer. In Erwartung, dass Hofer gewinnt, haben sie jede Menge Artikel in den Stehsatz gestellt. Selbst Videos mit lustigen Schreckensszenarien, was unter Hofer alles droht, wurden gedreht. Nun war alles umsonst. &#8222;H\u00e4tte Hofer nicht zumindest ein bisschen Bundespr\u00e4sident werden k\u00f6nnen, dann k\u00f6nnten wir zeigen, dass sich \u00d6sterreich erst S\u00fcdtirol holt, [&hellip;]<\/p>\n","protected":false},"author":1,"featured_media":0,"comment_status":"open","ping_status":"open","sticky":false,"template":"","format":"standard","meta":{"footnotes":""},"categories":[2,6],"tags":[1356,1323,1287,1322,204,1324,538],"class_list":["post-2065","post","type-post","status-publish","format-standard","hentry","category-gesellschaftliches","category-politik","tag-alexander-van-der-bellen","tag-bundespraesident-oesterreich","tag-extra-3","tag-norbert-hofer","tag-oesterreich","tag-rechtsruck","tag-satire"],"_links":{"self":[{"href":"https:\/\/www.keinblatt.de\/blog\/wp-json\/wp\/v2\/posts\/2065","targetHints":{"allow":["GET"]}}],"collection":[{"href":"https:\/\/www.keinblatt.de\/blog\/wp-json\/wp\/v2\/posts"}],"about":[{"href":"https:\/\/www.keinblatt.de\/blog\/wp-json\/wp\/v2\/types\/post"}],"author":[{"embeddable":true,"href":"https:\/\/www.keinblatt.de\/blog\/wp-json\/wp\/v2\/users\/1"}],"replies":[{"embeddable":true,"href":"https:\/\/www.keinblatt.de\/blog\/wp-json\/wp\/v2\/comments?post=2065"}],"version-history":[{"count":0,"href":"https:\/\/www.keinblatt.de\/blog\/wp-json\/wp\/v2\/posts\/2065\/revisions"}],"wp:attachment":[{"href":"https:\/\/www.keinblatt.de\/blog\/wp-json\/wp\/v2\/media?parent=2065"}],"wp:term":[{"taxonomy":"category","embeddable":true,"href":"https:\/\/www.keinblatt.de\/blog\/wp-json\/wp\/v2\/categories?post=2065"},{"taxonomy":"post_tag","embeddable":true,"href":"https:\/\/www.keinblatt.de\/blog\/wp-json\/wp\/v2\/tags?post=2065"}],"curies":[{"name":"wp","href":"https:\/\/api.w.org\/{rel}","templated":true}]}}