{"id":201,"date":"2013-09-11T00:43:47","date_gmt":"2013-09-10T22:43:47","guid":{"rendered":"http:\/\/www.keinblatt.de\/blog\/?p=201"},"modified":"2015-05-25T23:58:54","modified_gmt":"2015-05-25T21:58:54","slug":"sie-wollen-nicht-mehr-die-schwarzen-sein-cdu-waehlt-ultraviolett-als-neue-leitfarbe","status":"publish","type":"post","link":"https:\/\/www.keinblatt.de\/blog\/sie-wollen-nicht-mehr-die-schwarzen-sein-cdu-waehlt-ultraviolett-als-neue-leitfarbe\/","title":{"rendered":"Sie wollen nicht mehr die Schwarzen sein \u2013 CDU w\u00e4hlt Ultraviolett als neue Leitfarbe"},"content":{"rendered":"<figure id=\"attachment_205\" aria-describedby=\"caption-attachment-205\" style=\"width: 200px\" class=\"wp-caption alignleft\"><img loading=\"lazy\" decoding=\"async\" class=\"size-full wp-image-205\" src=\"https:\/\/www.keinblatt.de\/blog\/wp-content\/uploads\/2013\/09\/schwarz.jpg\" alt=\"Schwarz\" width=\"200\" height=\"150\" \/><figcaption id=\"caption-attachment-205\" class=\"wp-caption-text\">Aktuelle Identifikationsfarbe der CDU<\/figcaption><\/figure>\n<p>Die CDU will sich nach der Bundestagswahl ein neues Farbimage zulegen. Das teilte \u00fcberraschend CDU-Generalsekret\u00e4r Hermann Gr\u00f6he einer ausgew\u00e4hlten Gruppe von Journalisten am Rande einer Wahlkampfveranstaltung mit.<\/p>\n<p>&#8222;Wir wollen weg von Schwarz&#8220;, so Gr\u00f6he. Zum einen habe Schwarz ein negatives Image. Die Farbe stehe f\u00fcr Dunkelheit, f\u00fcr Depression, Trauer, f\u00fcr Armut<sup>1<\/sup> und f\u00fcr Ungl\u00fcck. Begriffe wie &#8222;schwarzer Tag&#8220; spr\u00e4chen f\u00fcr sich. Selbst eine schwarze Katze bringe man mit Pech in Verbindung, holt Gr\u00f6he aus. Ein schwarzes Loch \u2013 ein solches befinde sich nach dem heutigen Kenntnisstand in jeder Galaxie \u2013 sei auch nicht gerade positiv besetzt, zermalme es doch alles auf Atomgr\u00f6\u00dfe, was ihm zu nahe komme.<\/p>\n<p>Zum anderen k\u00f6nne man die st\u00e4ndigen Verunglimpfungen nicht mehr h\u00f6ren. Angela Merkels Traumkoalition Schwarz-Gelb w\u00fcrde zu &#8222;Schwatz-Gelb&#8220; oder gar &#8222;Schwarz-Geld&#8220; verballhornt, ohne dass es hierf\u00fcr auch nur den geringsten Anlass g\u00e4be. Das sei einfach Neid, Gegnerspott. Das wolle und k\u00f6nne man sich nicht mehr bieten lassen.<\/p>\n<h3>Die Schwarzen sind eigentlich rot<\/h3>\n<figure id=\"attachment_204\" aria-describedby=\"caption-attachment-204\" style=\"width: 300px\" class=\"wp-caption alignright\"><a href=\"https:\/\/www.keinblatt.de\/blog\/wp-content\/uploads\/2013\/09\/3184505824_22216c02bf_o1.jpg\"><img loading=\"lazy\" decoding=\"async\" class=\"size-medium wp-image-204\" src=\"https:\/\/www.keinblatt.de\/blog\/wp-content\/uploads\/2013\/09\/3184505824_22216c02bf_o1-300x230.jpg\" alt=\"Merkel CDU\" width=\"300\" height=\"230\" srcset=\"https:\/\/www.keinblatt.de\/blog\/wp-content\/uploads\/2013\/09\/3184505824_22216c02bf_o1-300x230.jpg 300w, https:\/\/www.keinblatt.de\/blog\/wp-content\/uploads\/2013\/09\/3184505824_22216c02bf_o1-1024x786.jpg 1024w, https:\/\/www.keinblatt.de\/blog\/wp-content\/uploads\/2013\/09\/3184505824_22216c02bf_o1-624x479.jpg 624w, https:\/\/www.keinblatt.de\/blog\/wp-content\/uploads\/2013\/09\/3184505824_22216c02bf_o1.jpg 1600w\" sizes=\"auto, (max-width: 300px) 100vw, 300px\" \/><\/a><figcaption id=\"caption-attachment-204\" class=\"wp-caption-text\">Foto: <a href=\"https:\/\/www.flickr.com\/photos\/michael-panse-mdl\/3184505824\/\" target=\"_blank\">Michael Panse<\/a> \/ Lizenz: <a href=\"https:\/\/creativecommons.org\/licenses\/by-nd\/2.0\/\" target=\"_blank\">CC BY-ND 2.0<\/a><\/figcaption><\/figure>\n<p>&#8222;Wenn Sie sich unser Logo ansehen, sehen Sie da ohnehin kein Schwarz&#8220;, f\u00fchrt Gr\u00f6he aus, &#8222;Unser Schriftzug ist ja eigentlich \u2013 \u00e4hh \u2026 \u2013 nun, wir reden nicht so gerne dar\u00fcber \u2013 rot. Das ist ja die Farbe der Sozen&#8220;, sagt Gr\u00f6he fast schon fl\u00fcsternd: &#8222;Das sind nicht wir.&#8220;<\/p>\n<p>Gr\u00f6he erkl\u00e4rt, dass das Schwarz der CDU regelrecht aufoktruiert worden sei. Da die Konservativen sehr viel mit der christlichen Kirche verbinde und die Priester schwarz gekleidet seien, sei man mit dieser Farbe in Verbindung gebracht worden. Selbst habe man die Farbe zur Eigendarstellung nur selten verwendet. Gr\u00f6he f\u00fcgt an: Es komme hinzu, dass Schwarz streng genommen nicht mal eine Farbe sei, sondern die Abwesenheit von Farbinformationen.<\/p>\n<p>Gr\u00f6he wei\u00df nat\u00fcrlich, dass fast alle Farben l\u00e4ngst von den anderen Parteien beansprucht werden: Rot, Gr\u00fcn, Blau<sup>2<\/sup>, Gelb, Orange<sup>3<\/sup>, Braun, Grau<sup>4<\/sup>, Violett<sup>5<\/sup> \u2013 all das sei ja schon weg. Wei\u00df w\u00e4re zwar denkbar, aber kontraproduktiv. Denn Wei\u00df erhebe zu hohe Anspr\u00fcche (wei\u00dfe Weste), auch verschmutze die Farbe zu schnell und erfordere den energieintensiven Kochwaschgang f\u00fcr Parteikleidung und Fahnen, was mit Merkels Energiewende nicht in \u00dcbereinstimmung gebracht werden k\u00f6nne. Und es sei auch \u2013 wie Schwarz \u2013 im Grunde genommen nicht mal eine Farbe.<\/p>\n<h3>Eine neue Farbe f\u00fcr die CDU: Ultraviolett<\/h3>\n<figure id=\"attachment_206\" aria-describedby=\"caption-attachment-206\" style=\"width: 200px\" class=\"wp-caption alignleft\"><img loading=\"lazy\" decoding=\"async\" class=\"size-full wp-image-206\" src=\"https:\/\/www.keinblatt.de\/blog\/wp-content\/uploads\/2013\/09\/neue_farbe.jpg\" alt=\"Neue Farbe\" width=\"200\" height=\"150\" \/><figcaption id=\"caption-attachment-206\" class=\"wp-caption-text\">CDU-Logo in der neuen Leitfarbe<\/figcaption><\/figure>\n<p>Aber es g\u00e4be da eine sehr gute L\u00f6sung. Man habe sich zwar noch nicht hundertprozentig entschieden, aber man favorisiere ganz klar einen ultravioletten Farbton (siehe Abbildung) \u2013 eine Farbe au\u00dferhalb des sichtbaren Lichts. Der Vorteil liege darin, dass bei Farben, die nie ein Mensch zuvor gesehen habe, keine Verwechslungsgefahr best\u00fcnde. Die genauen Farbcodes der neuen Parteifarbe werde man in den n\u00e4chsten Wochen festlegen.<img loading=\"lazy\" decoding=\"async\" class=\"vg\" src=\"https:\/\/ssl-vg03.met.vgwort.de\/na\/2948940ac6f44b78862bab6f2cb702ee\" alt=\"\" width=\"1\" height=\"1\" \/><\/p>\n<p><small><sup>1<\/sup>In der jamaikanischen Flagge steht Schwarz tats\u00e4chlich f\u00fcr die Armut (und die H\u00e4rten der Vergangenheit).<br \/>\n<sup>2<\/sup> CSU, AfD (Alternative f\u00fcr Deutschland), als Blau-Gelb: FDP<br \/>\n<sup>2<\/sup> Piratenpartei<br \/>\n<sup>3<\/sup> Die Grauen\/Graue Panther (ehemalige Seniorenpartei)<br \/>\n<sup>4<\/sup> &#8222;Die Violetten&#8220;, eine spirituell orientierte Partei<\/small><\/p>\n","protected":false},"excerpt":{"rendered":"<p>Die CDU will sich nach der Bundestagswahl ein neues Farbimage zulegen. Das teilte \u00fcberraschend CDU-Generalsekret\u00e4r Hermann Gr\u00f6he einer ausgew\u00e4hlten Gruppe von Journalisten am Rande einer Wahlkampfveranstaltung mit. &#8222;Wir wollen weg von Schwarz&#8220;, so Gr\u00f6he. Zum einen habe Schwarz ein negatives Image. Die Farbe stehe f\u00fcr Dunkelheit, f\u00fcr Depression, Trauer, f\u00fcr Armut1 und f\u00fcr Ungl\u00fcck. Begriffe [&hellip;]<\/p>\n","protected":false},"author":1,"featured_media":0,"comment_status":"open","ping_status":"open","sticky":false,"template":"","format":"standard","meta":{"footnotes":""},"categories":[6],"tags":[233,509,234],"class_list":["post-201","post","type-post","status-publish","format-standard","hentry","category-politik","tag-cdu","tag-farbe","tag-hermann-groehe"],"_links":{"self":[{"href":"https:\/\/www.keinblatt.de\/blog\/wp-json\/wp\/v2\/posts\/201","targetHints":{"allow":["GET"]}}],"collection":[{"href":"https:\/\/www.keinblatt.de\/blog\/wp-json\/wp\/v2\/posts"}],"about":[{"href":"https:\/\/www.keinblatt.de\/blog\/wp-json\/wp\/v2\/types\/post"}],"author":[{"embeddable":true,"href":"https:\/\/www.keinblatt.de\/blog\/wp-json\/wp\/v2\/users\/1"}],"replies":[{"embeddable":true,"href":"https:\/\/www.keinblatt.de\/blog\/wp-json\/wp\/v2\/comments?post=201"}],"version-history":[{"count":0,"href":"https:\/\/www.keinblatt.de\/blog\/wp-json\/wp\/v2\/posts\/201\/revisions"}],"wp:attachment":[{"href":"https:\/\/www.keinblatt.de\/blog\/wp-json\/wp\/v2\/media?parent=201"}],"wp:term":[{"taxonomy":"category","embeddable":true,"href":"https:\/\/www.keinblatt.de\/blog\/wp-json\/wp\/v2\/categories?post=201"},{"taxonomy":"post_tag","embeddable":true,"href":"https:\/\/www.keinblatt.de\/blog\/wp-json\/wp\/v2\/tags?post=201"}],"curies":[{"name":"wp","href":"https:\/\/api.w.org\/{rel}","templated":true}]}}