{"id":2001,"date":"2016-04-05T22:41:00","date_gmt":"2016-04-05T20:41:00","guid":{"rendered":"http:\/\/www.keinblatt.de\/blog\/?p=2001"},"modified":"2016-04-07T16:53:14","modified_gmt":"2016-04-07T14:53:14","slug":"afd-will-alle-rechtsextremen-mitglieder-ausschliessen-mitgliedszahl-nun-aber-wohl-zu-gering-um-als-partei-antreten-zu-koennen","status":"publish","type":"post","link":"https:\/\/www.keinblatt.de\/blog\/afd-will-alle-rechtsextremen-mitglieder-ausschliessen-mitgliedszahl-nun-aber-wohl-zu-gering-um-als-partei-antreten-zu-koennen\/","title":{"rendered":"AfD will alle rechtsextremen Mitglieder ausschlie\u00dfen \u2013 Mitgliedszahl nun aber wohl zu gering, um als Partei antreten zu k\u00f6nnen"},"content":{"rendered":"<figure id=\"attachment_1918\" aria-describedby=\"caption-attachment-1918\" style=\"width: 300px\" class=\"wp-caption alignleft\"><a href=\"https:\/\/www.keinblatt.de\/blog\/wp-content\/uploads\/2016\/02\/Beatrix_von_Storch.jpg\" rel=\"attachment wp-att-1918\"><img loading=\"lazy\" decoding=\"async\" class=\"size-medium wp-image-1918\" src=\"https:\/\/www.keinblatt.de\/blog\/wp-content\/uploads\/2016\/02\/Beatrix_von_Storch-300x200.jpg\" alt=\"Beatrix von Storch\" width=\"300\" height=\"200\" srcset=\"https:\/\/www.keinblatt.de\/blog\/wp-content\/uploads\/2016\/02\/Beatrix_von_Storch-300x200.jpg 300w, https:\/\/www.keinblatt.de\/blog\/wp-content\/uploads\/2016\/02\/Beatrix_von_Storch-768x512.jpg 768w, https:\/\/www.keinblatt.de\/blog\/wp-content\/uploads\/2016\/02\/Beatrix_von_Storch.jpg 800w\" sizes=\"auto, (max-width: 300px) 100vw, 300px\" \/><\/a><figcaption id=\"caption-attachment-1918\" class=\"wp-caption-text\">AfD-Vizechefin Beatrix von Storch: Der nicht gezahlte &#8222;Beitragsservice&#8220;, der ungl\u00fccklich kommunizierte Schie\u00dfbefehl und die von der Maus abgerutschte Hand, die bei\u00a0 diesem Unfall beinahe amputiert werden musste, sind nicht mehr die einzigen Baustellen der Partei. Foto: <a href=\"https:\/\/commons.wikimedia.org\/wiki\/File:Beatrix_von_Storch.jpg\" target=\"_blank\"> blu-news.org<\/a> \/ Lizenz: <a href=\"https:\/\/creativecommons.org\/licenses\/by-sa\/2.0\/deed.en\" target=\"_blank\">CC BY-SA 2.0<\/a><\/figcaption><\/figure>\n<p>Die AfD will sich als rechtskonservative Partei verstehen, aber nicht als rechtsextreme oder gar Nazipartei.<\/p>\n<p>Als Folge hatte die AfD Ende M\u00e4rz 2016 die Aufl\u00f6sung des saarl\u00e4ndischen Landesverbandes beschlossen. Als Grund wurden &#8222;schwerwiegende Verst\u00f6\u00dfe gegen die politische Zielsetzung und die innere Ordnung der Partei&#8220; angegeben, so AfD-Sprecher Christian L\u00fcth. Die beiden saarl\u00e4ndischen Landesvorsitzenden h\u00e4tten Kontakte zu Rechtsextremisten, berichtete das Nachrichtenmagazin &#8222;Stern&#8220;.<\/p>\n<p>Auch in der AfD Rheinland-Pfalz soll es Verbindungen zur rechtsextremen Szene geben oder gegeben haben.<\/p>\n<h3>Mitgliedsanzahl wohl nach der S\u00e4uberungsaktion zu gering<\/h3>\n<p>Daher will die Parteispitze nun konsequent aufr\u00e4umen. Doch Beobachter gehen davon aus, dass die verbliebene Anzahl an Mitgliedern kaum mehr ausreichen werde, um als Partei antreten zu k\u00f6nnen. Zwar gibt es keine vorgeschriebene Mindestmitgliederzahl f\u00fcr Parteien. Eine Partei mit 400 Mitgliedern wurde einmal zugelassen, aber die Mitgliederzahl sollte hoch genug sein, damit man die Ernsthaftigkeit der Partei nachweisen kann. 55 hatten einmal nicht gereicht.<\/p>\n<p>&#8222;Das wird sehr, sehr knapp&#8220;, sagt der bekannte Parteienforscher Johannes Steigner, der in Talkshows leidenschaftlich die Parteienlandschaft und ihre Mechanismen erkl\u00e4rt und derzeit an einem Buch \u00fcber pr\u00e4muslimische Einfl\u00fcsse bei den alten Germanen schreibt. AfD \u2013 &#8222;Aus f\u00fcr Deutschland&#8220;?<\/p>\n","protected":false},"excerpt":{"rendered":"<p>Die AfD will sich als rechtskonservative Partei verstehen, aber nicht als rechtsextreme oder gar Nazipartei. Als Folge hatte die AfD Ende M\u00e4rz 2016 die Aufl\u00f6sung des saarl\u00e4ndischen Landesverbandes beschlossen. Als Grund wurden &#8222;schwerwiegende Verst\u00f6\u00dfe gegen die politische Zielsetzung und die innere Ordnung der Partei&#8220; angegeben, so AfD-Sprecher Christian L\u00fcth. Die beiden saarl\u00e4ndischen Landesvorsitzenden h\u00e4tten Kontakte [&hellip;]<\/p>\n","protected":false},"author":1,"featured_media":0,"comment_status":"open","ping_status":"open","sticky":false,"template":"","format":"standard","meta":{"footnotes":""},"categories":[7,6],"tags":[700,1228,1298,934,1299,1129],"class_list":["post-2001","post","type-post","status-publish","format-standard","hentry","category-kriminalitat","category-politik","tag-afd","tag-beatrix-von-storch","tag-christian-lueth","tag-nationalsozialismus","tag-nazis","tag-neonazis"],"_links":{"self":[{"href":"https:\/\/www.keinblatt.de\/blog\/wp-json\/wp\/v2\/posts\/2001","targetHints":{"allow":["GET"]}}],"collection":[{"href":"https:\/\/www.keinblatt.de\/blog\/wp-json\/wp\/v2\/posts"}],"about":[{"href":"https:\/\/www.keinblatt.de\/blog\/wp-json\/wp\/v2\/types\/post"}],"author":[{"embeddable":true,"href":"https:\/\/www.keinblatt.de\/blog\/wp-json\/wp\/v2\/users\/1"}],"replies":[{"embeddable":true,"href":"https:\/\/www.keinblatt.de\/blog\/wp-json\/wp\/v2\/comments?post=2001"}],"version-history":[{"count":0,"href":"https:\/\/www.keinblatt.de\/blog\/wp-json\/wp\/v2\/posts\/2001\/revisions"}],"wp:attachment":[{"href":"https:\/\/www.keinblatt.de\/blog\/wp-json\/wp\/v2\/media?parent=2001"}],"wp:term":[{"taxonomy":"category","embeddable":true,"href":"https:\/\/www.keinblatt.de\/blog\/wp-json\/wp\/v2\/categories?post=2001"},{"taxonomy":"post_tag","embeddable":true,"href":"https:\/\/www.keinblatt.de\/blog\/wp-json\/wp\/v2\/tags?post=2001"}],"curies":[{"name":"wp","href":"https:\/\/api.w.org\/{rel}","templated":true}]}}