{"id":1994,"date":"2016-03-29T15:37:47","date_gmt":"2016-03-29T13:37:47","guid":{"rendered":"http:\/\/www.keinblatt.de\/blog\/?p=1994"},"modified":"2021-11-18T12:46:31","modified_gmt":"2021-11-18T11:46:31","slug":"erdogan-droht-loescht-das-video-sonst-schicke-ich-euch-1-million-fluechtlinge","status":"publish","type":"post","link":"https:\/\/www.keinblatt.de\/blog\/erdogan-droht-loescht-das-video-sonst-schicke-ich-euch-1-million-fluechtlinge\/","title":{"rendered":"Erdo\u011fan droht: L\u00f6scht das Video, sonst schicke ich euch 1 Million Fl\u00fcchtlinge!"},"content":{"rendered":"<p>Der t\u00fcrkische Pr\u00e4sident Recep Tayyip Erdo\u011fan ist \u00fcber ein satirisches Video der extra 3-Redaktion des NDR ver\u00e4rgert. In dem Song &#8222;Erdowie, Erdowo, Erdogan&#8220; \u2013 einer Neuinterpretation des Nena-Songs &#8222;Irgendwie, irgendwo, irgendwann&#8220; \u2013 wird Erdo\u011fan aufs Korn genommen: &#8222;Ein Journalist, der irgendwas verfasst, was Erdo\u011fan nicht passt, ist morgen schon im Knast.&#8220;<\/p>\n<p><iframe loading=\"lazy\" src=\"https:\/\/www.youtube-nocookie.com\/embed\/R2e2yHjc_mc\" width=\"640\" height=\"385\" frameborder=\"0\" allowfullscreen=\"allowfullscreen\"><\/iframe><\/p>\n<p>Erdo\u011fan hat nun von Bundeskanzlerin Angela Merkel (CDU) eine L\u00f6schung und Sperrung des Videos gefordert. Erdo\u011fan: &#8222;Wenn das Video nicht entfernt wird, dann schicke ich euch eine Million Fl\u00fcchtlinge nach Berlin und stelle euch die Tickets in Rechnung!&#8220;<\/p>\n<p>Es wird erwartet, dass Merkel den derzeit hei\u00dfesten EU-Beitrittskandidaten nicht verprellen will und der freundlichen L\u00f6schanfrage nachkommen wird.<\/p>\n","protected":false},"excerpt":{"rendered":"<p>Der t\u00fcrkische Pr\u00e4sident Recep Tayyip Erdo\u011fan ist \u00fcber ein satirisches Video der extra 3-Redaktion des NDR ver\u00e4rgert. In dem Song &#8222;Erdowie, Erdowo, Erdogan&#8220; \u2013 einer Neuinterpretation des Nena-Songs &#8222;Irgendwie, irgendwo, irgendwann&#8220; \u2013 wird Erdo\u011fan aufs Korn genommen: &#8222;Ein Journalist, der irgendwas verfasst, was Erdo\u011fan nicht passt, ist morgen schon im Knast.&#8220; Erdo\u011fan hat nun von [&hellip;]<\/p>\n","protected":false},"author":1,"featured_media":0,"comment_status":"open","ping_status":"open","sticky":false,"template":"","format":"standard","meta":{"footnotes":""},"categories":[977,6],"tags":[95,241,1287,168,1191,1288,277,538,473],"class_list":["post-1994","post","type-post","status-publish","format-standard","hentry","category-konflikteterrormilitaer","category-politik","tag-angela-merkel","tag-asyl","tag-extra-3","tag-fluechtlinge","tag-migranten","tag-ndr","tag-recep-tayyip-erdogan","tag-satire","tag-tuerkei"],"_links":{"self":[{"href":"https:\/\/www.keinblatt.de\/blog\/wp-json\/wp\/v2\/posts\/1994","targetHints":{"allow":["GET"]}}],"collection":[{"href":"https:\/\/www.keinblatt.de\/blog\/wp-json\/wp\/v2\/posts"}],"about":[{"href":"https:\/\/www.keinblatt.de\/blog\/wp-json\/wp\/v2\/types\/post"}],"author":[{"embeddable":true,"href":"https:\/\/www.keinblatt.de\/blog\/wp-json\/wp\/v2\/users\/1"}],"replies":[{"embeddable":true,"href":"https:\/\/www.keinblatt.de\/blog\/wp-json\/wp\/v2\/comments?post=1994"}],"version-history":[{"count":0,"href":"https:\/\/www.keinblatt.de\/blog\/wp-json\/wp\/v2\/posts\/1994\/revisions"}],"wp:attachment":[{"href":"https:\/\/www.keinblatt.de\/blog\/wp-json\/wp\/v2\/media?parent=1994"}],"wp:term":[{"taxonomy":"category","embeddable":true,"href":"https:\/\/www.keinblatt.de\/blog\/wp-json\/wp\/v2\/categories?post=1994"},{"taxonomy":"post_tag","embeddable":true,"href":"https:\/\/www.keinblatt.de\/blog\/wp-json\/wp\/v2\/tags?post=1994"}],"curies":[{"name":"wp","href":"https:\/\/api.w.org\/{rel}","templated":true}]}}