{"id":1965,"date":"2016-03-01T14:23:52","date_gmt":"2016-03-01T13:23:52","guid":{"rendered":"http:\/\/www.keinblatt.de\/blog\/?p=1965"},"modified":"2019-11-22T00:13:52","modified_gmt":"2019-11-21T23:13:52","slug":"nord-cdu-will-schweinefleischpflicht-und-bekennt-sich-zum-schwein-genetische-aehnlichkeit-zum-menschen","status":"publish","type":"post","link":"https:\/\/www.keinblatt.de\/blog\/nord-cdu-will-schweinefleischpflicht-und-bekennt-sich-zum-schwein-genetische-aehnlichkeit-zum-menschen\/","title":{"rendered":"Nord-CDU will Schweinefleischpflicht und bekennt sich zum Schwein \u2013 &#8222;genetische \u00c4hnlichkeit zum Menschen&#8220;"},"content":{"rendered":"<figure id=\"attachment_1966\" aria-describedby=\"caption-attachment-1966\" style=\"width: 300px\" class=\"wp-caption alignleft\"><a href=\"https:\/\/www.keinblatt.de\/blog\/wp-content\/uploads\/2016\/03\/800px-Sow_with_piglet.jpg\" rel=\"attachment wp-att-1966\"><img loading=\"lazy\" decoding=\"async\" class=\"size-medium wp-image-1966\" src=\"https:\/\/www.keinblatt.de\/blog\/wp-content\/uploads\/2016\/03\/800px-Sow_with_piglet-300x186.jpg\" alt=\"Hausschwein\" width=\"300\" height=\"186\" srcset=\"https:\/\/www.keinblatt.de\/blog\/wp-content\/uploads\/2016\/03\/800px-Sow_with_piglet-300x186.jpg 300w, https:\/\/www.keinblatt.de\/blog\/wp-content\/uploads\/2016\/03\/800px-Sow_with_piglet-768x476.jpg 768w, https:\/\/www.keinblatt.de\/blog\/wp-content\/uploads\/2016\/03\/800px-Sow_with_piglet.jpg 800w\" sizes=\"auto, (max-width: 300px) 100vw, 300px\" \/><\/a><figcaption id=\"caption-attachment-1966\" class=\"wp-caption-text\">Hausschwein. Foto: <a href=\"https:\/\/de.wikipedia.org\/wiki\/Datei:Sow_with_piglet.jpg\" target=\"_blank\">Scott Bauer, USDA<\/a> \/ Lizenz: Public Domain<\/figcaption><\/figure>\n<p><a href=\"https:\/\/www.tagesspiegel.de\/politik\/schleswig-holstein-cdu-will-schweinefleischpflicht-und-erntet-spott\/13035890.html\" target=\"_blank\" rel=\"noopener noreferrer\">Die CDU in Schleswig-Holstein will eine Schweinefleischpflicht f\u00fcr \u00f6ffentliche Kantinen, haupts\u00e4chlich f\u00fcr Kitas und Schulen<\/a>. Das Schwein sei ein extrem naher genetischer und physiologischer Verwandter des Menschen, so der Sprecher f\u00fcr Integration, Harald Picker (CDU). &#8222;Wir bekennen uns zum Schwein&#8220;, so Picker. Das ist also der Gegenvorschlag zum Veggieday der Gr\u00fcnen.<\/p>\n<p>Tats\u00e4chlich sind Schweine intelligente Tiere, die auch stressanf\u00e4llig sind und \u00e4hnliche Herz- und Kreislauferkrankungen wie der Mensch entwickeln. Daher werden sie auch als Labor- und Versuchstiere gehalten. Auch Fleisch und Fettgewebe weisen in Struktur und Beschaffenheit gro\u00dfe Gemeinsamkeiten mit dem Menschen auf.<\/p>\n<h3>Verdeckverbot f\u00fcr Steckdosen gefordert<\/h3>\n<p>Picker fordert ebenso ein Verbot, Steckdosen in \u00f6ffentlichen Geb\u00e4uden zu verdecken, wie es j\u00fcngst geschehen sei. Denn die Steckdosen erinnerten an die Schweinenase und geh\u00f6rten daher zur kulturellen Identit\u00e4t Deutschlands, die Muslime aushalten m\u00fcssten, so Picker.<\/p>\n","protected":false},"excerpt":{"rendered":"<p>Die CDU in Schleswig-Holstein will eine Schweinefleischpflicht f\u00fcr \u00f6ffentliche Kantinen, haupts\u00e4chlich f\u00fcr Kitas und Schulen. Das Schwein sei ein extrem naher genetischer und physiologischer Verwandter des Menschen, so der Sprecher f\u00fcr Integration, Harald Picker (CDU). &#8222;Wir bekennen uns zum Schwein&#8220;, so Picker. Das ist also der Gegenvorschlag zum Veggieday der Gr\u00fcnen. Tats\u00e4chlich sind Schweine intelligente [&hellip;]<\/p>\n","protected":false},"author":1,"featured_media":0,"comment_status":"open","ping_status":"open","sticky":false,"template":"","format":"standard","meta":{"footnotes":""},"categories":[26,2,19,6],"tags":[168,551,1191,1263,1264,1140],"class_list":["post-1965","post","type-post","status-publish","format-standard","hentry","category-braeuche","category-gesellschaftliches","category-kunst-kultur","category-politik","tag-fluechtlinge","tag-islam","tag-migranten","tag-schwein","tag-schweinefleisch","tag-veggieday"],"_links":{"self":[{"href":"https:\/\/www.keinblatt.de\/blog\/wp-json\/wp\/v2\/posts\/1965","targetHints":{"allow":["GET"]}}],"collection":[{"href":"https:\/\/www.keinblatt.de\/blog\/wp-json\/wp\/v2\/posts"}],"about":[{"href":"https:\/\/www.keinblatt.de\/blog\/wp-json\/wp\/v2\/types\/post"}],"author":[{"embeddable":true,"href":"https:\/\/www.keinblatt.de\/blog\/wp-json\/wp\/v2\/users\/1"}],"replies":[{"embeddable":true,"href":"https:\/\/www.keinblatt.de\/blog\/wp-json\/wp\/v2\/comments?post=1965"}],"version-history":[{"count":0,"href":"https:\/\/www.keinblatt.de\/blog\/wp-json\/wp\/v2\/posts\/1965\/revisions"}],"wp:attachment":[{"href":"https:\/\/www.keinblatt.de\/blog\/wp-json\/wp\/v2\/media?parent=1965"}],"wp:term":[{"taxonomy":"category","embeddable":true,"href":"https:\/\/www.keinblatt.de\/blog\/wp-json\/wp\/v2\/categories?post=1965"},{"taxonomy":"post_tag","embeddable":true,"href":"https:\/\/www.keinblatt.de\/blog\/wp-json\/wp\/v2\/tags?post=1965"}],"curies":[{"name":"wp","href":"https:\/\/api.w.org\/{rel}","templated":true}]}}