{"id":1947,"date":"2016-02-17T15:34:40","date_gmt":"2016-02-17T14:34:40","guid":{"rendered":"http:\/\/www.keinblatt.de\/blog\/?p=1947"},"modified":"2016-08-30T15:11:30","modified_gmt":"2016-08-30T13:11:30","slug":"merkel-will-zahl-der-fluechtlinge-drastisch-reduzieren-familien-zaehlen-zukuenftig-als-1-fluechtling","status":"publish","type":"post","link":"https:\/\/www.keinblatt.de\/blog\/merkel-will-zahl-der-fluechtlinge-drastisch-reduzieren-familien-zaehlen-zukuenftig-als-1-fluechtling\/","title":{"rendered":"Merkel will Zahl der Fl\u00fcchtlinge drastisch reduzieren \u2013 Familien z\u00e4hlen zuk\u00fcnftig als 1 Fl\u00fcchtling"},"content":{"rendered":"<figure id=\"attachment_1729\" aria-describedby=\"caption-attachment-1729\" style=\"width: 448px\" class=\"wp-caption alignnone\"><img loading=\"lazy\" decoding=\"async\" class=\"size-full wp-image-1729\" src=\"https:\/\/www.keinblatt.de\/blog\/wp-content\/uploads\/2015\/09\/2587580973_76dbba7b68_o.jpg\" alt=\"Fl\u00fcchtlingsboot\" width=\"448\" height=\"220\" srcset=\"https:\/\/www.keinblatt.de\/blog\/wp-content\/uploads\/2015\/09\/2587580973_76dbba7b68_o.jpg 448w, https:\/\/www.keinblatt.de\/blog\/wp-content\/uploads\/2015\/09\/2587580973_76dbba7b68_o-300x147.jpg 300w\" sizes=\"auto, (max-width: 448px) 100vw, 448px\" \/><figcaption id=\"caption-attachment-1729\" class=\"wp-caption-text\">Menschen auf der Flucht. Deren Zahl wird bald sp\u00fcrbar sinken. Foto: <a href=\"https:\/\/www.flickr.com\/photos\/noborder\/2587580973\" target=\"_blank\">Noborder Network<\/a> \/ Lizenz: <a href=\"https:\/\/creativecommons.org\/licenses\/by\/2.0\/\" target=\"_blank\">CC BY 2.0<\/a><\/figcaption><\/figure>\n<p>Jetzt braucht niemand mehr zu behaupten, die Bundeskanzlerin handele nicht. Angela Merkel (CDU) will n\u00e4mlich die Anzahl der Fl\u00fcchtlinge deutlich reduzieren und ist sich sicher, dass das gelingen wird. In Zukunft sollen Familien, Sippen und gemeinsam reisende enge Verwandte als ein einziger Fl\u00fcchtling z\u00e4hlen. Das nennt sich dann &#8222;fl\u00fcchtige Kollektivperson&#8220;. Da inzwischen mehrheitlich Familien auf der Flucht nach Deutschland sind, k\u00f6nnte die Zahl der Fl\u00fcchtlinge drastisch verringert werden. Menschen, die im Rahmen eines Familiennachzugs kommen, sollen gar nicht mehr gez\u00e4hlt werden, denn sie geh\u00f6ren ja zu einer fl\u00fcchtigen Kollektivperson, die schon einmal gez\u00e4hlt wurde. Damit k\u00f6nnte ein R\u00fcckgang der Fl\u00fcchtlingszahlen um voraussichtlich 61 Prozent erreicht werden \u2013 ein durchaus respektabler Erfolg.<\/p>\n<p>&#8222;Schauen Sie, wenn eine Familie flieht, dann unterliegt dem ein gemeinsamer, einziger Fluchtgrund. Das k\u00f6nnen wir doch nicht einfach multiplizieren, die Menschen geh\u00f6ren doch zusammen!&#8220;, so Merkel. Kritiker werfen der Kanzlerin statistische und mathematische Tricks vor.<\/p>\n<h3>\u00c4hnliches gab es schon mehrfach bei den Arbeitslosenstatistiken \u2013 und zwar mit Erfolg!<\/h3>\n<p>Tats\u00e4chlich ist das nichts Neues. Die Bundesregierungen haben immer wieder die Berechnungsgrundlage f\u00fcr die Arbeitslosenzahlen ver\u00e4ndert, um die Arbeitslosenstatistik zu besch\u00f6nigen. So ist es inzwischen fast unm\u00f6glich, als Arbeitsloser in der Statistik gef\u00fchrt zu werden, da die Anforderungen zu hoch sind.<\/p>\n<h3>Bald ein weiterer Schritt?<\/h3>\n<p>Die Kanzlerin denkt offenbar auch \u00fcber weitere Ma\u00dfnahmen nach. In einem weiteren Schritt k\u00f6nnte bei besonders schwerwiegenden Fluchtgr\u00fcnden ein Fl\u00fcchtling gar nicht mehr gez\u00e4hlt werden, weil er faktisch fliehen musste, also ein Automatismus und keine Entscheidung vorlag. Damit w\u00e4re eine weitere Reduzierung der Fl\u00fcchtlingszahlen garantiert.<img loading=\"lazy\" decoding=\"async\" class=\"vg\" style=\"display: none ! important;\" hidden=\"\" src=\"https:\/\/ssl-vg03.met.vgwort.de\/na\/575e4981c7df44098e3d9c9d856be3c0\" alt=\"\" width=\"1\" height=\"1\" \/><\/p>\n","protected":false},"excerpt":{"rendered":"<p>Jetzt braucht niemand mehr zu behaupten, die Bundeskanzlerin handele nicht. Angela Merkel (CDU) will n\u00e4mlich die Anzahl der Fl\u00fcchtlinge deutlich reduzieren und ist sich sicher, dass das gelingen wird. In Zukunft sollen Familien, Sippen und gemeinsam reisende enge Verwandte als ein einziger Fl\u00fcchtling z\u00e4hlen. Das nennt sich dann &#8222;fl\u00fcchtige Kollektivperson&#8220;. Da inzwischen mehrheitlich Familien auf [&hellip;]<\/p>\n","protected":false},"author":1,"featured_media":0,"comment_status":"open","ping_status":"open","sticky":false,"template":"","format":"standard","meta":{"footnotes":""},"categories":[977,6],"tags":[95,241,168,1191],"class_list":["post-1947","post","type-post","status-publish","format-standard","hentry","category-konflikteterrormilitaer","category-politik","tag-angela-merkel","tag-asyl","tag-fluechtlinge","tag-migranten"],"_links":{"self":[{"href":"https:\/\/www.keinblatt.de\/blog\/wp-json\/wp\/v2\/posts\/1947","targetHints":{"allow":["GET"]}}],"collection":[{"href":"https:\/\/www.keinblatt.de\/blog\/wp-json\/wp\/v2\/posts"}],"about":[{"href":"https:\/\/www.keinblatt.de\/blog\/wp-json\/wp\/v2\/types\/post"}],"author":[{"embeddable":true,"href":"https:\/\/www.keinblatt.de\/blog\/wp-json\/wp\/v2\/users\/1"}],"replies":[{"embeddable":true,"href":"https:\/\/www.keinblatt.de\/blog\/wp-json\/wp\/v2\/comments?post=1947"}],"version-history":[{"count":0,"href":"https:\/\/www.keinblatt.de\/blog\/wp-json\/wp\/v2\/posts\/1947\/revisions"}],"wp:attachment":[{"href":"https:\/\/www.keinblatt.de\/blog\/wp-json\/wp\/v2\/media?parent=1947"}],"wp:term":[{"taxonomy":"category","embeddable":true,"href":"https:\/\/www.keinblatt.de\/blog\/wp-json\/wp\/v2\/categories?post=1947"},{"taxonomy":"post_tag","embeddable":true,"href":"https:\/\/www.keinblatt.de\/blog\/wp-json\/wp\/v2\/tags?post=1947"}],"curies":[{"name":"wp","href":"https:\/\/api.w.org\/{rel}","templated":true}]}}