{"id":1933,"date":"2016-02-08T09:43:53","date_gmt":"2016-02-08T08:43:53","guid":{"rendered":"http:\/\/www.keinblatt.de\/blog\/?p=1933"},"modified":"2016-02-08T10:01:18","modified_gmt":"2016-02-08T09:01:18","slug":"sturmtief-abgesagte-rosenmontagsumzuege-werden-am-aschermittwoch-nachgeholt","status":"publish","type":"post","link":"https:\/\/www.keinblatt.de\/blog\/sturmtief-abgesagte-rosenmontagsumzuege-werden-am-aschermittwoch-nachgeholt\/","title":{"rendered":"Sturmtief: Abgesagte Rosenmontagsumz\u00fcge werden am Aschermittwoch nachgeholt"},"content":{"rendered":"<figure id=\"attachment_1934\" aria-describedby=\"caption-attachment-1934\" style=\"width: 800px\" class=\"wp-caption alignnone\"><a href=\"https:\/\/www.keinblatt.de\/blog\/wp-content\/uploads\/2016\/02\/800px-Karnevalswagen_Klischee_Wirklichkeit_2007.jpg\" rel=\"attachment wp-att-1934\"><img loading=\"lazy\" decoding=\"async\" class=\"size-full wp-image-1934\" src=\"https:\/\/www.keinblatt.de\/blog\/wp-content\/uploads\/2016\/02\/800px-Karnevalswagen_Klischee_Wirklichkeit_2007.jpg\" alt=\"Rosenmontagsumzug D\u00fcsseldorf\" width=\"800\" height=\"572\" srcset=\"https:\/\/www.keinblatt.de\/blog\/wp-content\/uploads\/2016\/02\/800px-Karnevalswagen_Klischee_Wirklichkeit_2007.jpg 800w, https:\/\/www.keinblatt.de\/blog\/wp-content\/uploads\/2016\/02\/800px-Karnevalswagen_Klischee_Wirklichkeit_2007-300x215.jpg 300w, https:\/\/www.keinblatt.de\/blog\/wp-content\/uploads\/2016\/02\/800px-Karnevalswagen_Klischee_Wirklichkeit_2007-768x549.jpg 768w\" sizes=\"auto, (max-width: 800px) 100vw, 800px\" \/><\/a><figcaption id=\"caption-attachment-1934\" class=\"wp-caption-text\">Wird am Aschermittwoch nachgeholt: Rosenmontagsumzug in D\u00fcsseldorf (Archivbild). Foto: <a href=\"https:\/\/commons.wikimedia.org\/wiki\/File:Karnevalswagen_Klischee_Wirklichkeit_2007.jpg\" target=\"_blank\">Jacques Tilly<\/a> \/ Lizenz: <a href=\"https:\/\/creativecommons.org\/licenses\/by\/3.0\/deed.en\" target=\"_blank\">CC BY 3.0<\/a><\/figcaption><\/figure>\n<p>Wegen des Sturmtiefs Ruzica wurden die Rosenmontagsumz\u00fcge in Mainz, M\u00fcnster und D\u00fcsseldorf aus Sicherheitsgr\u00fcnden abgesagt. Denn es werden Windst\u00e4rken von 9 bis 10 erwartet. Bereits ab Windst\u00e4rke 8 k\u00f6nnen keine Karnevalsumz\u00fcge stattfinden, es ist einfach zu gef\u00e4hrlich. &#8222;Wenn auch nur ein Dachziegel runterf\u00e4llt und jemanden trifft, m\u00f6chte ich nicht mehr dabei sein&#8220;, erkl\u00e4rt Richard Wagner, der Pr\u00e4sident des Mainzer Carneval Vereins (MCV). Erst am Aschermittwoch ist wieder mit einer Wetterberuhigung zu rechnen.<\/p>\n<h3>Papst Franziskus verschiebt Beginn der Fastenzeit um einen Tag<\/h3>\n<p>Einige Jecken wurden mit Tr\u00e4nen in den Augen gezeigt. Soll nun ein ganzes Jahr Arbeit umsonst gewesen sein? Nein, so die gute Nachricht! Papst Franziskus hat angek\u00fcndigt, den Beginn der Fastenzeit ausnahmsweise um einen Tag zu verschieben. Damit k\u00f6nnen die ausgefallenen Rosenmontagsz\u00fcge am Aschermittwoch nachgeholt werden. Es zeigt sich, dass Franziskus nicht nur ein \u00e4u\u00dferst reformfreudiger Papst ist, sondern auch ein unkonventioneller, der auch ein Herz f\u00fcr Narren hat.<\/p>\n","protected":false},"excerpt":{"rendered":"<p>Wegen des Sturmtiefs Ruzica wurden die Rosenmontagsumz\u00fcge in Mainz, M\u00fcnster und D\u00fcsseldorf aus Sicherheitsgr\u00fcnden abgesagt. Denn es werden Windst\u00e4rken von 9 bis 10 erwartet. Bereits ab Windst\u00e4rke 8 k\u00f6nnen keine Karnevalsumz\u00fcge stattfinden, es ist einfach zu gef\u00e4hrlich. &#8222;Wenn auch nur ein Dachziegel runterf\u00e4llt und jemanden trifft, m\u00f6chte ich nicht mehr dabei sein&#8220;, erkl\u00e4rt Richard Wagner, [&hellip;]<\/p>\n","protected":false},"author":1,"featured_media":0,"comment_status":"open","ping_status":"open","sticky":false,"template":"","format":"standard","meta":{"footnotes":""},"categories":[26,15,11],"tags":[1239,649,1242,151,1241,486,150,1240,1238],"class_list":["post-1933","post","type-post","status-publish","format-standard","hentry","category-braeuche","category-natur","category-religion","tag-aschermittwoch","tag-fasching","tag-fastenzeit","tag-franziskus","tag-jecken","tag-karneval","tag-papst","tag-rosenmontag","tag-sturmtief"],"_links":{"self":[{"href":"https:\/\/www.keinblatt.de\/blog\/wp-json\/wp\/v2\/posts\/1933","targetHints":{"allow":["GET"]}}],"collection":[{"href":"https:\/\/www.keinblatt.de\/blog\/wp-json\/wp\/v2\/posts"}],"about":[{"href":"https:\/\/www.keinblatt.de\/blog\/wp-json\/wp\/v2\/types\/post"}],"author":[{"embeddable":true,"href":"https:\/\/www.keinblatt.de\/blog\/wp-json\/wp\/v2\/users\/1"}],"replies":[{"embeddable":true,"href":"https:\/\/www.keinblatt.de\/blog\/wp-json\/wp\/v2\/comments?post=1933"}],"version-history":[{"count":0,"href":"https:\/\/www.keinblatt.de\/blog\/wp-json\/wp\/v2\/posts\/1933\/revisions"}],"wp:attachment":[{"href":"https:\/\/www.keinblatt.de\/blog\/wp-json\/wp\/v2\/media?parent=1933"}],"wp:term":[{"taxonomy":"category","embeddable":true,"href":"https:\/\/www.keinblatt.de\/blog\/wp-json\/wp\/v2\/categories?post=1933"},{"taxonomy":"post_tag","embeddable":true,"href":"https:\/\/www.keinblatt.de\/blog\/wp-json\/wp\/v2\/tags?post=1933"}],"curies":[{"name":"wp","href":"https:\/\/api.w.org\/{rel}","templated":true}]}}