{"id":1920,"date":"2016-02-02T14:58:22","date_gmt":"2016-02-02T13:58:22","guid":{"rendered":"http:\/\/www.keinblatt.de\/blog\/?p=1920"},"modified":"2016-08-30T15:11:54","modified_gmt":"2016-08-30T13:11:54","slug":"arabisch-aussehender-taeter-fluechtig-gemeiner-diebstahl-erschuettert-saarlaendische-gemeinde","status":"publish","type":"post","link":"https:\/\/www.keinblatt.de\/blog\/arabisch-aussehender-taeter-fluechtig-gemeiner-diebstahl-erschuettert-saarlaendische-gemeinde\/","title":{"rendered":"Arabisch aussehender T\u00e4ter fl\u00fcchtig! Gemeiner Diebstahl ersch\u00fcttert saarl\u00e4ndische Gemeinde"},"content":{"rendered":"<figure id=\"attachment_1921\" aria-describedby=\"caption-attachment-1921\" style=\"width: 300px\" class=\"wp-caption alignleft\"><a href=\"https:\/\/www.keinblatt.de\/blog\/wp-content\/uploads\/2016\/02\/3449686452_b05a0bfa5a_o.jpg\" rel=\"attachment wp-att-1921\"><img loading=\"lazy\" decoding=\"async\" class=\"size-medium wp-image-1921\" src=\"https:\/\/www.keinblatt.de\/blog\/wp-content\/uploads\/2016\/02\/3449686452_b05a0bfa5a_o-300x225.jpg\" alt=\"Fahrradkeller\" width=\"300\" height=\"225\" srcset=\"https:\/\/www.keinblatt.de\/blog\/wp-content\/uploads\/2016\/02\/3449686452_b05a0bfa5a_o-300x225.jpg 300w, https:\/\/www.keinblatt.de\/blog\/wp-content\/uploads\/2016\/02\/3449686452_b05a0bfa5a_o-768x576.jpg 768w, https:\/\/www.keinblatt.de\/blog\/wp-content\/uploads\/2016\/02\/3449686452_b05a0bfa5a_o-1024x768.jpg 1024w, https:\/\/www.keinblatt.de\/blog\/wp-content\/uploads\/2016\/02\/3449686452_b05a0bfa5a_o.jpg 1280w\" sizes=\"auto, (max-width: 300px) 100vw, 300px\" \/><\/a><figcaption id=\"caption-attachment-1921\" class=\"wp-caption-text\">Tatort Fahrradkeller. Foto: <a href=\"https:\/\/www.flickr.com\/photos\/mecklenburg\/3449686452\/\" target=\"_blank\">Thomas Kohler<\/a> \/ Lizenz: <a href=\"https:\/\/creativecommons.org\/licenses\/by\/2.0\/\" target=\"_blank\">CC BY 2.0<\/a><\/figcaption><\/figure>\n<p>Im saarl\u00e4ndischen Mandelbachtal hat ein bislang unbekannter T\u00e4ter aus s\u00e4mtlichen Fahrr\u00e4dern, die im Fahrradkeller der Heinz-Becker-Grundschule abgestellt waren, die Luft aus den Reifen rausgelassen und die Ventile auf den Betonboden geworfen. Zwei Ventile konnten bisher nicht wieder aufgefunden werden, sodass hier von Diebstahl auszugehen ist. Es entstand ein Sachschaden von rund 2,50 Euro. Einige Kinder kamen au\u00dferdem durch diese Tat zu sp\u00e4t zum Mittagessen.<\/p>\n<p>Zeugen wollen einen arabisch aussehenden Mann mittleren Alters gesehen haben, der den Fahrradkeller gegen 12:50 verlie\u00df. Es ist davon auszugehen, dass die Person weiter fl\u00fcchtig ist. Die Staatsanwaltschaft ermittelt.<\/p>\n<p>In dem beschaulichen Ort ist es bereits die zweite Straftat in diesem Jahr (keinblatt.de berichtete). Selbst wenn es dieses Jahr nicht zu weiteren Straftaten kommen sollte, w\u00fcrde dies eine Steigerung der Kriminalit\u00e4tsrate von 100 Prozent bedeuten.<\/p>\n","protected":false},"excerpt":{"rendered":"<p>Im saarl\u00e4ndischen Mandelbachtal hat ein bislang unbekannter T\u00e4ter aus s\u00e4mtlichen Fahrr\u00e4dern, die im Fahrradkeller der Heinz-Becker-Grundschule abgestellt waren, die Luft aus den Reifen rausgelassen und die Ventile auf den Betonboden geworfen. Zwei Ventile konnten bisher nicht wieder aufgefunden werden, sodass hier von Diebstahl auszugehen ist. Es entstand ein Sachschaden von rund 2,50 Euro. Einige Kinder [&hellip;]<\/p>\n","protected":false},"author":1,"featured_media":0,"comment_status":"open","ping_status":"open","sticky":false,"template":"","format":"standard","meta":{"footnotes":""},"categories":[7],"tags":[1117,168,1191],"class_list":["post-1920","post","type-post","status-publish","format-standard","hentry","category-kriminalitat","tag-diebstahl","tag-fluechtlinge","tag-migranten"],"_links":{"self":[{"href":"https:\/\/www.keinblatt.de\/blog\/wp-json\/wp\/v2\/posts\/1920","targetHints":{"allow":["GET"]}}],"collection":[{"href":"https:\/\/www.keinblatt.de\/blog\/wp-json\/wp\/v2\/posts"}],"about":[{"href":"https:\/\/www.keinblatt.de\/blog\/wp-json\/wp\/v2\/types\/post"}],"author":[{"embeddable":true,"href":"https:\/\/www.keinblatt.de\/blog\/wp-json\/wp\/v2\/users\/1"}],"replies":[{"embeddable":true,"href":"https:\/\/www.keinblatt.de\/blog\/wp-json\/wp\/v2\/comments?post=1920"}],"version-history":[{"count":0,"href":"https:\/\/www.keinblatt.de\/blog\/wp-json\/wp\/v2\/posts\/1920\/revisions"}],"wp:attachment":[{"href":"https:\/\/www.keinblatt.de\/blog\/wp-json\/wp\/v2\/media?parent=1920"}],"wp:term":[{"taxonomy":"category","embeddable":true,"href":"https:\/\/www.keinblatt.de\/blog\/wp-json\/wp\/v2\/categories?post=1920"},{"taxonomy":"post_tag","embeddable":true,"href":"https:\/\/www.keinblatt.de\/blog\/wp-json\/wp\/v2\/tags?post=1920"}],"curies":[{"name":"wp","href":"https:\/\/api.w.org\/{rel}","templated":true}]}}