{"id":1888,"date":"2016-01-15T00:43:36","date_gmt":"2016-01-14T23:43:36","guid":{"rendered":"http:\/\/www.keinblatt.de\/blog\/?p=1888"},"modified":"2016-08-30T15:12:56","modified_gmt":"2016-08-30T13:12:56","slug":"immer-mehr-deutsche-tragen-schusswaffen-verband-der-taschendiebe-rechnet-mit-30-mehr-umsatz","status":"publish","type":"post","link":"https:\/\/www.keinblatt.de\/blog\/immer-mehr-deutsche-tragen-schusswaffen-verband-der-taschendiebe-rechnet-mit-30-mehr-umsatz\/","title":{"rendered":"Immer mehr Deutsche tragen Schusswaffen \u2013 Verband der Taschendiebe rechnet mit 30 % mehr Umsatz"},"content":{"rendered":"<figure id=\"attachment_1889\" aria-describedby=\"caption-attachment-1889\" style=\"width: 300px\" class=\"wp-caption alignleft\"><a href=\"https:\/\/www.keinblatt.de\/blog\/wp-content\/uploads\/2016\/01\/280000443_68819e8f3d_z.jpg\" rel=\"attachment wp-att-1889\"><img loading=\"lazy\" decoding=\"async\" class=\"size-medium wp-image-1889\" src=\"https:\/\/www.keinblatt.de\/blog\/wp-content\/uploads\/2016\/01\/280000443_68819e8f3d_z-300x225.jpg\" alt=\"Taschendieb\" width=\"300\" height=\"225\" srcset=\"https:\/\/www.keinblatt.de\/blog\/wp-content\/uploads\/2016\/01\/280000443_68819e8f3d_z-300x225.jpg 300w, https:\/\/www.keinblatt.de\/blog\/wp-content\/uploads\/2016\/01\/280000443_68819e8f3d_z.jpg 640w\" sizes=\"auto, (max-width: 300px) 100vw, 300px\" \/><\/a><figcaption id=\"caption-attachment-1889\" class=\"wp-caption-text\">Foto: <a href=\"https:\/\/www.flickr.com\/photos\/matiasjajaja\/280000443\/\" target=\"_blank\">matias jaramillo<\/a> \/ Lizenz: <a href=\"https:\/\/creativecommons.org\/licenses\/by\/2.0\/\" target=\"_blank\">CC BY 2.0<\/a><\/figcaption><\/figure>\n<p>Immer mehr Bundesb\u00fcrger tragen Schusswaffen bei sich. Unter anderem d\u00fcrften die schrecklichen Vorf\u00e4lle in K\u00f6ln die Ursache daf\u00fcr sein, dass sich die Deutschen in immer h\u00f6herem Ausma\u00df bewaffnen. Der Verband der Taschendiebe (VdT) rechnet mit 30 % mehr Umsatz in diesem Jahr. Gerade deutsche Markenprodukte von Heckler &amp; Koch bes\u00e4\u00dfen einen hohen Wiederverkaufswert, so ein Verbandssprecher.<\/p>\n<p>Unterdessen ist der Gl\u00f6ckchenpreis stark gestiegen. Gl\u00f6ckchen werden bei Ausbildung und Training von Taschendieben eingesetzt. Dazu werden die Gl\u00f6ckchen an Schaufensterpuppen angebracht. Die Langfinger sind dann auf einem guten Weg, wenn es beim professionellen Entwenden von Portmonee, Smartphone\u00a0 und Schusswaffe nicht bimmelt.<\/p>\n<p>Auch Schaufensterpuppen sind so teuer wie schon seit f\u00fcnf Jahren nicht mehr. Das fresse einen nicht kleinen Teil der Ums\u00e4tze wieder auf, klagt der VdT. Der VdT \u00fcberlegt, in Zukunft verst\u00e4rkt 1-Euro-Jobber als Trainingsobjekte einzusetzen. Die Bundesagentur f\u00fcr Arbeit ist hier kooperativ. Beide haben etwas davon, zumal manche Trainingsobjekte auch f\u00fcr die aktive Rolle Talent h\u00e4tten. Damit kommen Arbeitslose wieder in Lohn und Brot, die bislang als nicht vermittelbar galten. Selbst Arbeitslose mit Vorstrafen verschwinden auf diese Weise aus den Statistiken. Resozialisierung ist das Stichwort.<\/p>\n","protected":false},"excerpt":{"rendered":"<p>Immer mehr Bundesb\u00fcrger tragen Schusswaffen bei sich. Unter anderem d\u00fcrften die schrecklichen Vorf\u00e4lle in K\u00f6ln die Ursache daf\u00fcr sein, dass sich die Deutschen in immer h\u00f6herem Ausma\u00df bewaffnen. Der Verband der Taschendiebe (VdT) rechnet mit 30 % mehr Umsatz in diesem Jahr. Gerade deutsche Markenprodukte von Heckler &amp; Koch bes\u00e4\u00dfen einen hohen Wiederverkaufswert, so ein [&hellip;]<\/p>\n","protected":false},"author":1,"featured_media":0,"comment_status":"open","ping_status":"open","sticky":false,"template":"","format":"standard","meta":{"footnotes":""},"categories":[2,977,7,6],"tags":[168,929,1191,1208,437],"class_list":["post-1888","post","type-post","status-publish","format-standard","hentry","category-gesellschaftliches","category-konflikteterrormilitaer","category-kriminalitat","category-politik","tag-fluechtlinge","tag-heckler-koch","tag-migranten","tag-taschendiebe","tag-waffen"],"_links":{"self":[{"href":"https:\/\/www.keinblatt.de\/blog\/wp-json\/wp\/v2\/posts\/1888","targetHints":{"allow":["GET"]}}],"collection":[{"href":"https:\/\/www.keinblatt.de\/blog\/wp-json\/wp\/v2\/posts"}],"about":[{"href":"https:\/\/www.keinblatt.de\/blog\/wp-json\/wp\/v2\/types\/post"}],"author":[{"embeddable":true,"href":"https:\/\/www.keinblatt.de\/blog\/wp-json\/wp\/v2\/users\/1"}],"replies":[{"embeddable":true,"href":"https:\/\/www.keinblatt.de\/blog\/wp-json\/wp\/v2\/comments?post=1888"}],"version-history":[{"count":0,"href":"https:\/\/www.keinblatt.de\/blog\/wp-json\/wp\/v2\/posts\/1888\/revisions"}],"wp:attachment":[{"href":"https:\/\/www.keinblatt.de\/blog\/wp-json\/wp\/v2\/media?parent=1888"}],"wp:term":[{"taxonomy":"category","embeddable":true,"href":"https:\/\/www.keinblatt.de\/blog\/wp-json\/wp\/v2\/categories?post=1888"},{"taxonomy":"post_tag","embeddable":true,"href":"https:\/\/www.keinblatt.de\/blog\/wp-json\/wp\/v2\/tags?post=1888"}],"curies":[{"name":"wp","href":"https:\/\/api.w.org\/{rel}","templated":true}]}}