{"id":1837,"date":"2015-12-03T12:15:56","date_gmt":"2015-12-03T11:15:56","guid":{"rendered":"http:\/\/www.keinblatt.de\/blog\/?p=1837"},"modified":"2020-02-08T19:34:36","modified_gmt":"2020-02-08T18:34:36","slug":"bundeswehr-einsatz-gegen-is-abschleppflugzeuge-sollen-abgeschossene-kampfjets-retten","status":"publish","type":"post","link":"https:\/\/www.keinblatt.de\/blog\/bundeswehr-einsatz-gegen-is-abschleppflugzeuge-sollen-abgeschossene-kampfjets-retten\/","title":{"rendered":"Bundeswehr-Einsatz gegen IS: Abschleppflugzeuge sollen abgeschossene Kampfjets retten"},"content":{"rendered":"<figure id=\"attachment_1838\" aria-describedby=\"caption-attachment-1838\" style=\"width: 660px\" class=\"wp-caption alignnone\"><a href=\"https:\/\/www.keinblatt.de\/blog\/wp-content\/uploads\/2015\/12\/YA-1.jpg\"><img loading=\"lazy\" decoding=\"async\" class=\"size-large wp-image-1838\" src=\"https:\/\/www.keinblatt.de\/blog\/wp-content\/uploads\/2015\/12\/YA-1-1024x674.jpg\" alt=\"YA-1\" width=\"660\" height=\"434\" srcset=\"https:\/\/www.keinblatt.de\/blog\/wp-content\/uploads\/2015\/12\/YA-1-1024x674.jpg 1024w, https:\/\/www.keinblatt.de\/blog\/wp-content\/uploads\/2015\/12\/YA-1-300x197.jpg 300w, https:\/\/www.keinblatt.de\/blog\/wp-content\/uploads\/2015\/12\/YA-1.jpg 1600w\" sizes=\"auto, (max-width: 660px) 100vw, 660px\" \/><\/a><figcaption id=\"caption-attachment-1838\" class=\"wp-caption-text\">Abschleppflugzeug YA-1: Ist das die Wende im Kampf gegen den Terror? Lizenz: Public Domain<\/figcaption><\/figure>\n<p>Im Kampf gegen den Islamischen Staat schickt die Bundeswehr neben Aufkl\u00e4rungstornados nun auch zwei Abschleppflugzeuge vom Typ Boeing YA nach Syrien. Das gab das Verteidigungsministerium heute bekannt. Die Abschleppflugzeuge sollen abgeschossene Kampfjets sicher zur Reparatur auf den Boden bringen. Damit wird ein Totalschaden durch eine zu harte Landung vermieden. Das YA steht f\u00fcr &#8222;Yellow Angel&#8220; und ist eine Hommage an die Gelben Engel des ADAC, die im Pannenfall helfen.<\/p>\n<p>Das Verteidigungsministerium geht davon aus, dass sich langfristig Betr\u00e4ge im mittleren zweistelligen Millionenbereich sparen lassen. Innovative L\u00f6sungen seien immer gefragt, so ein Sprecher.<\/p>\n<h3>Luftangriffe geeignetes Mittel im Kampf gegen die IS-Ideologie<\/h3>\n<p>Das Verteidigungsministerium h\u00e4lt nach wie vor Luftangriffe f\u00fcr das geeignetste Mittel, um den IS zu bek\u00e4mpfen. Es gebe keine Beweise, dass sich Ideologien nicht durch pure Gewalt bek\u00e4mpfen lie\u00dfen, so Bundeswehrgeneral Johannes Hurt. &#8222;Eine Ideologie ist nur dem Anschein nach etwas Abstraktes. Dahinter verbergen sich immer greifbare Dinge \u2013 K\u00e4mpfer, Stellungen, Technik, Geiseln&#8220;, f\u00fchrt Hurt aus, &#8222;das sind alles Dinge, die man fassen und mit Waffengewalt besiegen kann.&#8220; Hurt gibt aber zu, dass die R\u00fcstungsexporte der Bundeswehr etwa nach Saudi-Arabien dazu f\u00fchren, dass Kriegsger\u00e4t auch in die H\u00e4nde der IS-Terroristen gelingt. &#8222;Sie k\u00f6nnen nicht vermeiden, dass legale Produkte weiterverkauft oder gestohlen werden&#8220;, so Hurt. Das Problem lie\u00dfe sich aber l\u00f6sen, indem deutlich mehr Waffen gegen den IS eingesetzt werden, als der IS selbst beschaffen k\u00f6nne. Das sei einfachste Mathematik, f\u00fchrt Hurt aus, der St\u00e4rkere setze sich langfristig durch.<\/p>\n","protected":false},"excerpt":{"rendered":"<p>Im Kampf gegen den Islamischen Staat schickt die Bundeswehr neben Aufkl\u00e4rungstornados nun auch zwei Abschleppflugzeuge vom Typ Boeing YA nach Syrien. Das gab das Verteidigungsministerium heute bekannt. Die Abschleppflugzeuge sollen abgeschossene Kampfjets sicher zur Reparatur auf den Boden bringen. Damit wird ein Totalschaden durch eine zu harte Landung vermieden. Das YA steht f\u00fcr &#8222;Yellow Angel&#8220; [&hellip;]<\/p>\n","protected":false},"author":1,"featured_media":0,"comment_status":"open","ping_status":"open","sticky":false,"template":"","format":"standard","meta":{"footnotes":""},"categories":[977,6,17],"tags":[209,429,430,1175,949,1174,2384],"class_list":["post-1837","post","type-post","status-publish","format-standard","hentry","category-konflikteterrormilitaer","category-politik","category-technik","tag-bundeswehr","tag-is","tag-islamischer-staat","tag-kampfjet","tag-syrien","tag-tornado-flugzeug","tag-verteidigungsministerium"],"_links":{"self":[{"href":"https:\/\/www.keinblatt.de\/blog\/wp-json\/wp\/v2\/posts\/1837","targetHints":{"allow":["GET"]}}],"collection":[{"href":"https:\/\/www.keinblatt.de\/blog\/wp-json\/wp\/v2\/posts"}],"about":[{"href":"https:\/\/www.keinblatt.de\/blog\/wp-json\/wp\/v2\/types\/post"}],"author":[{"embeddable":true,"href":"https:\/\/www.keinblatt.de\/blog\/wp-json\/wp\/v2\/users\/1"}],"replies":[{"embeddable":true,"href":"https:\/\/www.keinblatt.de\/blog\/wp-json\/wp\/v2\/comments?post=1837"}],"version-history":[{"count":0,"href":"https:\/\/www.keinblatt.de\/blog\/wp-json\/wp\/v2\/posts\/1837\/revisions"}],"wp:attachment":[{"href":"https:\/\/www.keinblatt.de\/blog\/wp-json\/wp\/v2\/media?parent=1837"}],"wp:term":[{"taxonomy":"category","embeddable":true,"href":"https:\/\/www.keinblatt.de\/blog\/wp-json\/wp\/v2\/categories?post=1837"},{"taxonomy":"post_tag","embeddable":true,"href":"https:\/\/www.keinblatt.de\/blog\/wp-json\/wp\/v2\/tags?post=1837"}],"curies":[{"name":"wp","href":"https:\/\/api.w.org\/{rel}","templated":true}]}}