{"id":1821,"date":"2015-11-23T10:47:36","date_gmt":"2015-11-23T09:47:36","guid":{"rendered":"http:\/\/www.keinblatt.de\/blog\/?p=1821"},"modified":"2021-03-28T16:02:12","modified_gmt":"2021-03-28T14:02:12","slug":"csu-will-schleierfahndung-fuer-burka-und-niqab-traegerinnen","status":"publish","type":"post","link":"https:\/\/www.keinblatt.de\/blog\/csu-will-schleierfahndung-fuer-burka-und-niqab-traegerinnen\/","title":{"rendered":"CSU will Schleierfahndung f\u00fcr Burka- und Niqab-Tr\u00e4gerinnen"},"content":{"rendered":"<figure id=\"attachment_578\" aria-describedby=\"caption-attachment-578\" style=\"width: 200px\" class=\"wp-caption alignleft\"><a href=\"https:\/\/www.keinblatt.de\/blog\/wp-content\/uploads\/2014\/02\/400px-Burqa_Afghanistan_01.jpg\"><img loading=\"lazy\" decoding=\"async\" class=\"size-medium wp-image-578\" src=\"https:\/\/www.keinblatt.de\/blog\/wp-content\/uploads\/2014\/02\/400px-Burqa_Afghanistan_01-200x300.jpg\" alt=\"Burkas\" width=\"200\" height=\"300\" srcset=\"https:\/\/www.keinblatt.de\/blog\/wp-content\/uploads\/2014\/02\/400px-Burqa_Afghanistan_01-200x300.jpg 200w, https:\/\/www.keinblatt.de\/blog\/wp-content\/uploads\/2014\/02\/400px-Burqa_Afghanistan_01.jpg 400w\" sizes=\"auto, (max-width: 200px) 100vw, 200px\" \/><\/a><figcaption id=\"caption-attachment-578\" class=\"wp-caption-text\">Bald verboten oder zumindest richtig teuer: Burka tragen. Foto: <a href=\"https:\/\/commons.wikimedia.org\/wiki\/File:Burqa_Afghanistan_01.jpg\" target=\"_blank\">Steve Evans<\/a> \/ Lizenz: <a href=\"https:\/\/creativecommons.org\/licenses\/by\/2.0\/deed.en\" target=\"_blank\">CC BY 2.0<\/a><\/figcaption><\/figure>\n<p>Die CSU will ein Verbot der Vollverschleierung in Deutschland. Alternativ w\u00e4re noch eine Schleiermaut f\u00fcr Burka- und Niqab-Tr\u00e4gerinnen denkbar, um beim Finanziellen anzusetzen. Denn wenn etwas richtig ins Geld geht, \u00fcberlegt frau es sich zweimal, ob sie ihr Gesicht verdeckt.<\/p>\n<p>Der Fokus liegt aber auf einem Verbot. Das Kfz-Kennzeichen darf ja schlie\u00dflich auch nicht verdeckt werden, selbst wenn Maut entrichtet wird.<\/p>\n<p>Um Verst\u00f6\u00dfe gegen die Vollverschleierung zu ahnden, soll die Schleierfahndung ausgebaut werden.<\/p>\n","protected":false},"excerpt":{"rendered":"<p>Die CSU will ein Verbot der Vollverschleierung in Deutschland. Alternativ w\u00e4re noch eine Schleiermaut f\u00fcr Burka- und Niqab-Tr\u00e4gerinnen denkbar, um beim Finanziellen anzusetzen. Denn wenn etwas richtig ins Geld geht, \u00fcberlegt frau es sich zweimal, ob sie ihr Gesicht verdeckt. Der Fokus liegt aber auf einem Verbot. Das Kfz-Kennzeichen darf ja schlie\u00dflich auch nicht verdeckt [&hellip;]<\/p>\n","protected":false},"author":1,"featured_media":0,"comment_status":"open","ping_status":"open","sticky":false,"template":"","format":"standard","meta":{"footnotes":""},"categories":[26,2,6,11,9],"tags":[215,1154,1152,1153],"class_list":["post-1821","post","type-post","status-publish","format-standard","hentry","category-braeuche","category-gesellschaftliches","category-politik","category-religion","category-verkehr","tag-burka","tag-niqab","tag-schleier","tag-vollverschleierung"],"_links":{"self":[{"href":"https:\/\/www.keinblatt.de\/blog\/wp-json\/wp\/v2\/posts\/1821","targetHints":{"allow":["GET"]}}],"collection":[{"href":"https:\/\/www.keinblatt.de\/blog\/wp-json\/wp\/v2\/posts"}],"about":[{"href":"https:\/\/www.keinblatt.de\/blog\/wp-json\/wp\/v2\/types\/post"}],"author":[{"embeddable":true,"href":"https:\/\/www.keinblatt.de\/blog\/wp-json\/wp\/v2\/users\/1"}],"replies":[{"embeddable":true,"href":"https:\/\/www.keinblatt.de\/blog\/wp-json\/wp\/v2\/comments?post=1821"}],"version-history":[{"count":0,"href":"https:\/\/www.keinblatt.de\/blog\/wp-json\/wp\/v2\/posts\/1821\/revisions"}],"wp:attachment":[{"href":"https:\/\/www.keinblatt.de\/blog\/wp-json\/wp\/v2\/media?parent=1821"}],"wp:term":[{"taxonomy":"category","embeddable":true,"href":"https:\/\/www.keinblatt.de\/blog\/wp-json\/wp\/v2\/categories?post=1821"},{"taxonomy":"post_tag","embeddable":true,"href":"https:\/\/www.keinblatt.de\/blog\/wp-json\/wp\/v2\/tags?post=1821"}],"curies":[{"name":"wp","href":"https:\/\/api.w.org\/{rel}","templated":true}]}}