{"id":1771,"date":"2015-10-09T10:26:24","date_gmt":"2015-10-09T08:26:24","guid":{"rendered":"http:\/\/www.keinblatt.de\/blog\/?p=1771"},"modified":"2020-03-01T13:06:53","modified_gmt":"2020-03-01T12:06:53","slug":"um-den-schwarzmarkt-gestohlener-raeder-auszutrocknen-regierung-will-fahrraddiebstahl-legalisieren","status":"publish","type":"post","link":"https:\/\/www.keinblatt.de\/blog\/um-den-schwarzmarkt-gestohlener-raeder-auszutrocknen-regierung-will-fahrraddiebstahl-legalisieren\/","title":{"rendered":"Um den Schwarzmarkt gestohlener R\u00e4der auszutrocknen \u2013 Regierung will Fahrraddiebstahl legalisieren"},"content":{"rendered":"<figure id=\"attachment_1773\" aria-describedby=\"caption-attachment-1773\" style=\"width: 196px\" class=\"wp-caption alignleft\"><a href=\"https:\/\/www.keinblatt.de\/blog\/wp-content\/uploads\/2015\/10\/Fahrradstaender.jpg\"><img loading=\"lazy\" decoding=\"async\" class=\"size-medium wp-image-1773\" src=\"https:\/\/www.keinblatt.de\/blog\/wp-content\/uploads\/2015\/10\/Fahrradstaender-196x300.jpg\" alt=\"Fahrradst\u00e4nder\" width=\"196\" height=\"300\" srcset=\"https:\/\/www.keinblatt.de\/blog\/wp-content\/uploads\/2015\/10\/Fahrradstaender-196x300.jpg 196w, https:\/\/www.keinblatt.de\/blog\/wp-content\/uploads\/2015\/10\/Fahrradstaender.jpg 391w\" sizes=\"auto, (max-width: 196px) 100vw, 196px\" \/><\/a><figcaption id=\"caption-attachment-1773\" class=\"wp-caption-text\">Gestohlenes Fahrrad. Viel ist nicht von ihm \u00fcbriggeblieben. Foto: <a href=\"https:\/\/commons.wikimedia.org\/wiki\/File:Altenburg_Weibermarkt_17_Hof-Apotheke_Fahrradst%C3%A4nder.jpg\" target=\"_blank\">Andreas Praefcke<\/a> \/ Lizenz: <a href=\"https:\/\/creativecommons.org\/licenses\/by\/4.0\/deed.en\" target=\"_blank\">CC BY 4.0<\/a><\/figcaption><\/figure>\n<p>Immer wieder gibt es Forderungen, Cannabis zu legalisieren, um den Schwarzmarkt auszutrocknen. Auf kommunaler Ebene werden bereits erste Pilotprojekte vorbereitet, in Bayern ist gar ein Kiffer-Volksbegehren geplant.<\/p>\n<p>Bundesjustizminister Heiko Maas (SPD) m\u00f6chte nun die Idee auf andere Bereiche ausdehnen. Um den riesigen und immer st\u00e4rker wachsenden Schwarzmarkt gestohlener Fahrr\u00e4der trockenzulegen, plant die Bundesregierung, den Fahrraddiebstahl zu legalisieren.<\/p>\n<p>Damit w\u00fcrden Fahrrad-Dealer sowie deren Kunden nicht weiter kriminalisiert, so Maas, und der Staat k\u00f6nne sogar am Fahrraddiebstahl verdienen \u2013 mit einer speziellen Diebstahlsteuer, \u00e4hnlich wie es sie bereits mit der Steuer auf Tabakprodukte gebe.<\/p>\n<h3>Die M\u00e4r von der Einstiegskriminalit\u00e4t<\/h3>\n<p>Es sei ein Irrtum, dass Fahrraddiebstahl die Einstiegskriminalit\u00e4t f\u00fcr h\u00e4rtere Delikte sei, so der Minister. Daf\u00fcr gebe es einfach keine wissenschaftlichen Belege. H\u00e4rtere Diebst\u00e4hle, wie etwa der von Automobilen und Yachten, w\u00fcrden selbstverst\u00e4ndlich weiter unter Strafe bleiben.<\/p>\n","protected":false},"excerpt":{"rendered":"<p>Immer wieder gibt es Forderungen, Cannabis zu legalisieren, um den Schwarzmarkt auszutrocknen. Auf kommunaler Ebene werden bereits erste Pilotprojekte vorbereitet, in Bayern ist gar ein Kiffer-Volksbegehren geplant. Bundesjustizminister Heiko Maas (SPD) m\u00f6chte nun die Idee auf andere Bereiche ausdehnen. Um den riesigen und immer st\u00e4rker wachsenden Schwarzmarkt gestohlener Fahrr\u00e4der trockenzulegen, plant die Bundesregierung, den Fahrraddiebstahl [&hellip;]<\/p>\n","protected":false},"author":1,"featured_media":0,"comment_status":"open","ping_status":"open","sticky":false,"template":"","format":"standard","meta":{"footnotes":""},"categories":[10,7,6],"tags":[1115,1117,1116,1173,364,1118],"class_list":["post-1771","post","type-post","status-publish","format-standard","hentry","category-drogen","category-kriminalitat","category-politik","tag-cannabis","tag-diebstahl","tag-fahrraeder","tag-hanf","tag-heiko-maas","tag-schwarzmarkt"],"_links":{"self":[{"href":"https:\/\/www.keinblatt.de\/blog\/wp-json\/wp\/v2\/posts\/1771","targetHints":{"allow":["GET"]}}],"collection":[{"href":"https:\/\/www.keinblatt.de\/blog\/wp-json\/wp\/v2\/posts"}],"about":[{"href":"https:\/\/www.keinblatt.de\/blog\/wp-json\/wp\/v2\/types\/post"}],"author":[{"embeddable":true,"href":"https:\/\/www.keinblatt.de\/blog\/wp-json\/wp\/v2\/users\/1"}],"replies":[{"embeddable":true,"href":"https:\/\/www.keinblatt.de\/blog\/wp-json\/wp\/v2\/comments?post=1771"}],"version-history":[{"count":0,"href":"https:\/\/www.keinblatt.de\/blog\/wp-json\/wp\/v2\/posts\/1771\/revisions"}],"wp:attachment":[{"href":"https:\/\/www.keinblatt.de\/blog\/wp-json\/wp\/v2\/media?parent=1771"}],"wp:term":[{"taxonomy":"category","embeddable":true,"href":"https:\/\/www.keinblatt.de\/blog\/wp-json\/wp\/v2\/categories?post=1771"},{"taxonomy":"post_tag","embeddable":true,"href":"https:\/\/www.keinblatt.de\/blog\/wp-json\/wp\/v2\/tags?post=1771"}],"curies":[{"name":"wp","href":"https:\/\/api.w.org\/{rel}","templated":true}]}}