{"id":1739,"date":"2015-09-21T18:01:00","date_gmt":"2015-09-21T16:01:00","guid":{"rendered":"http:\/\/www.keinblatt.de\/blog\/?p=1739"},"modified":"2020-01-18T22:37:29","modified_gmt":"2020-01-18T21:37:29","slug":"raucher-muessen-ab-2018-warnschild-tragen","status":"publish","type":"post","link":"https:\/\/www.keinblatt.de\/blog\/raucher-muessen-ab-2018-warnschild-tragen\/","title":{"rendered":"Raucher m\u00fcssen ab 2020 Warnschild tragen"},"content":{"rendered":"<figure id=\"attachment_1741\" aria-describedby=\"caption-attachment-1741\" style=\"width: 400px\" class=\"wp-caption alignleft\"><img loading=\"lazy\" decoding=\"async\" class=\"size-full wp-image-1741\" src=\"https:\/\/www.keinblatt.de\/blog\/wp-content\/uploads\/2015\/09\/509810659_9537043679_o-Bearbeitet1.jpg\" alt=\"Raucher mit Warnhinweis\" width=\"400\" height=\"540\" srcset=\"https:\/\/www.keinblatt.de\/blog\/wp-content\/uploads\/2015\/09\/509810659_9537043679_o-Bearbeitet1.jpg 400w, https:\/\/www.keinblatt.de\/blog\/wp-content\/uploads\/2015\/09\/509810659_9537043679_o-Bearbeitet1-222x300.jpg 222w\" sizes=\"auto, (max-width: 400px) 100vw, 400px\" \/><figcaption id=\"caption-attachment-1741\" class=\"wp-caption-text\">Zigarrenraucher mit Warnschild. keinblatt.de zeigt, wie dies in etwa \u2013 unter den vorgesehenen Gr\u00f6\u00dfenverh\u00e4ltnissen \u2013 aussehen wird. Foto: gavin. robinson, bearbeitet durch keinblatt.de \/ Lizenz: <a href=\"https:\/\/creativecommons.org\/licenses\/by\/2.0\/\" target=\"_blank\">CC BY 2.0<\/a><\/figcaption><\/figure>\n<p>Am 1. Mai 2016 tritt die zweite EU-Tabakrichtlinie (TPD2) in Kraft, doch in der Zwischenzeit wird bereits fieberhaft an der n\u00e4chsten Tabakrichtlinie TPD3 gearbeitet. Eine der Grunds\u00e4ulen wird hier eine bessere Informationsvermittlung sein, die unter anderem das Rauchen in der \u00d6ffentlichkeit betrifft.<\/p>\n<p>Dabei sollen alle Raucher, die in der \u00d6ffentlichkeit rauchen, ab 2020 dazu verpflichtet werden, ein Warnschild um den Hals zu tragen.<\/p>\n<p>EU-Gesundheitskommissar Vytenis Andriukaitis betont, dass Rauchen in der \u00d6ffentlichkeit oft als Werbung verstanden werde. Schlie\u00dflich w\u00fcrden Raucher bei ihrer T\u00e4tigkeit gesehen, selbst von Kindern. Deshalb m\u00fcssten auch hier Hinweise angebracht werden, die vor den Gefahren des Rauchens warnen.<\/p>\n<p>Christian L\u00f6wenstein vom Verein &#8222;Deutschland raucht&#8220; ist stinksauer. &#8222;Da f\u00fchlt man sich an das dunkelste Kapitel deutscher Geschichte erinnert&#8220;, so L\u00f6wenstein.<\/p>\n<p>Andriukaitis wiegelt hingegen ab. Nur, wenn im Augenblick geraucht werde, oder sich eine noch nicht angez\u00fcndete Zigarette im Mund befinde, m\u00fcsse das Schild getragen werden. Niemand werde stigmatisiert.\u00a0 Au\u00dferdem werde ja niemand gezwungen, zu rauchen, so Andriukaitis.<\/p>\n<p>Die Warnschilder sollen die gleichen Warntexte wie auf den Zigarettenp\u00e4ckchen und den anderen Tabakprodukten enthalten. Jede Tabakverkaufsstelle muss in Zukunft solche Schilder ausgeben.<\/p>\n<p>Warnbilder auf den Schildern soll es vorerst keine geben. Andriukaitis meint: &#8222;Nehmen Sie einen Raucher, dem sein Raucherbein amputiert wurde und der am Klinikeingang qualmt. Da braucht es kein Ekelbild, da er das Warnbild selbst abgibt. Ein begleitender Text reicht also v\u00f6llig aus.&#8220;<img loading=\"lazy\" decoding=\"async\" class=\"vg\" src=\"https:\/\/ssl-vg03.met.vgwort.de\/na\/dfee2af0da424066bd1a2bf460a12b4e\" alt=\"\" width=\"1\" height=\"1\" \/><\/p>\n","protected":false},"excerpt":{"rendered":"<p>Am 1. Mai 2016 tritt die zweite EU-Tabakrichtlinie (TPD2) in Kraft, doch in der Zwischenzeit wird bereits fieberhaft an der n\u00e4chsten Tabakrichtlinie TPD3 gearbeitet. Eine der Grunds\u00e4ulen wird hier eine bessere Informationsvermittlung sein, die unter anderem das Rauchen in der \u00d6ffentlichkeit betrifft. Dabei sollen alle Raucher, die in der \u00d6ffentlichkeit rauchen, ab 2020 dazu verpflichtet [&hellip;]<\/p>\n","protected":false},"author":1,"featured_media":0,"comment_status":"open","ping_status":"open","sticky":false,"template":"","format":"standard","meta":{"footnotes":""},"categories":[10,2,6],"tags":[154,2333,155,1088,1010],"class_list":["post-1739","post","type-post","status-publish","format-standard","hentry","category-drogen","category-gesellschaftliches","category-politik","tag-rauchen","tag-tabak","tag-tabakrichtlinie","tag-tpd3","tag-zigaretten"],"_links":{"self":[{"href":"https:\/\/www.keinblatt.de\/blog\/wp-json\/wp\/v2\/posts\/1739","targetHints":{"allow":["GET"]}}],"collection":[{"href":"https:\/\/www.keinblatt.de\/blog\/wp-json\/wp\/v2\/posts"}],"about":[{"href":"https:\/\/www.keinblatt.de\/blog\/wp-json\/wp\/v2\/types\/post"}],"author":[{"embeddable":true,"href":"https:\/\/www.keinblatt.de\/blog\/wp-json\/wp\/v2\/users\/1"}],"replies":[{"embeddable":true,"href":"https:\/\/www.keinblatt.de\/blog\/wp-json\/wp\/v2\/comments?post=1739"}],"version-history":[{"count":0,"href":"https:\/\/www.keinblatt.de\/blog\/wp-json\/wp\/v2\/posts\/1739\/revisions"}],"wp:attachment":[{"href":"https:\/\/www.keinblatt.de\/blog\/wp-json\/wp\/v2\/media?parent=1739"}],"wp:term":[{"taxonomy":"category","embeddable":true,"href":"https:\/\/www.keinblatt.de\/blog\/wp-json\/wp\/v2\/categories?post=1739"},{"taxonomy":"post_tag","embeddable":true,"href":"https:\/\/www.keinblatt.de\/blog\/wp-json\/wp\/v2\/tags?post=1739"}],"curies":[{"name":"wp","href":"https:\/\/api.w.org\/{rel}","templated":true}]}}