{"id":1700,"date":"2015-08-24T20:47:04","date_gmt":"2015-08-24T18:47:04","guid":{"rendered":"http:\/\/www.keinblatt.de\/blog\/?p=1700"},"modified":"2015-08-25T02:39:16","modified_gmt":"2015-08-25T00:39:16","slug":"zensierte-plasberg-sendung-kommt-zurueck-in-mediathek-wird-dort-aber-als-satire-gekennzeichnet","status":"publish","type":"post","link":"https:\/\/www.keinblatt.de\/blog\/zensierte-plasberg-sendung-kommt-zurueck-in-mediathek-wird-dort-aber-als-satire-gekennzeichnet\/","title":{"rendered":"Zensierte Plasberg-Sendung kommt zur\u00fcck in Mediathek \u2013 wird dort aber als Satire gekennzeichnet"},"content":{"rendered":"<figure id=\"attachment_1701\" aria-describedby=\"caption-attachment-1701\" style=\"width: 300px\" class=\"wp-caption alignleft\"><a style=\"inline: none;\" href=\"https:\/\/www.keinblatt.de\/blog\/wp-content\/uploads\/2015\/08\/hart_aber_fair_zensiert.jpg\"><img loading=\"lazy\" decoding=\"async\" class=\"size-medium wp-image-1701\" src=\"https:\/\/www.keinblatt.de\/blog\/wp-content\/uploads\/2015\/08\/hart_aber_fair_zensiert-300x169.jpg\" alt=\"&quot;Hart aber fair&quot; zensiert\" width=\"300\" height=\"169\" srcset=\"https:\/\/www.keinblatt.de\/blog\/wp-content\/uploads\/2015\/08\/hart_aber_fair_zensiert-300x169.jpg 300w, https:\/\/www.keinblatt.de\/blog\/wp-content\/uploads\/2015\/08\/hart_aber_fair_zensiert.jpg 854w\" sizes=\"auto, (max-width: 300px) 100vw, 300px\" \/><\/a><figcaption id=\"caption-attachment-1701\" class=\"wp-caption-text\">Umstrittene Folge von &#8222;Hart aber fair&#8220;. Quelle: <a href=\"https:\/\/youtu.be\/EXRdt0tG1Fw\" target=\"_blank\">YouTube<\/a><\/figcaption><\/figure>\n<p>Der Vorwurf wiegt schwer: Zensur! Nach Beschwerden von Frauenverb\u00e4nden hatte der WDR eine Ausgabe der Plasberg-Talkshow &#8222;Hart, aber fair&#8220; aus der Mediathek entfernt. In der Folge &#8222;Nieder mit den Ampelm\u00e4nnchen \u2013 Deutschland im Gleichheitswahn?&#8220; durften die G\u00e4stinnen und G\u00e4ste auch unqualifizierte, verstaubte \u00c4u\u00dferung zum Thema Feminismus wiedergeben. Insbesondere FDP-Vizx Wolfgang Kubicki und Schauspielerx Sophia Thomalla gerieten in die Kritik. So sagte Mensch Thomalla: &#8222;Und wenn ich auf mein \u00c4u\u00dferes reduziert wurde in meinem Leben, dann von Frauen \u2013 und nicht von M\u00e4nnern.&#8220;<\/p>\n<p>Nach der Zensur brach aber erst recht ein Sturm der Entr\u00fcstung los. Es wurde darauf hingewiesen, dass eine Zensur laut Grundgesetz nicht stattfinde und Meinungen frei ge\u00e4u\u00dfert werden d\u00fcrften. Ausnahmen seien lediglich bei strafbaren \u00c4u\u00dferungen, etwa Volksverhetzung, m\u00f6glich. Dummheit aber sei per se nicht strafbar, hie\u00df es.<\/p>\n<p>Der WDR lenkt nun ein. Wie der Sender heute bekanntgab, wird die Sendung in einer bearbeiteten Form in die Mediathek zur\u00fcckkommen. Die wesentliche \u00c4nderung wird sein, dass permanent der Texthinweis &#8222;Satiresendung \u2013 die \u00c4u\u00dferungen von Mensch Kubicki und Mensch Thomalla sind nicht ernst gemeint!&#8220; eingeblendet wird. Einige unlustige Passagen, dabei s\u00e4mtliche Beitr\u00e4ge von Gr\u00fcnen-Chefx Anton Hofreiter, werden durch wirklich lustige ersetzt und entsprechend von Profisprecherx nachsynchronisiert. Die bearbeitete Version soll noch diese Woche freigegeben werden.<\/p>\n","protected":false},"excerpt":{"rendered":"<p>Der Vorwurf wiegt schwer: Zensur! Nach Beschwerden von Frauenverb\u00e4nden hatte der WDR eine Ausgabe der Plasberg-Talkshow &#8222;Hart, aber fair&#8220; aus der Mediathek entfernt. In der Folge &#8222;Nieder mit den Ampelm\u00e4nnchen \u2013 Deutschland im Gleichheitswahn?&#8220; durften die G\u00e4stinnen und G\u00e4ste auch unqualifizierte, verstaubte \u00c4u\u00dferung zum Thema Feminismus wiedergeben. Insbesondere FDP-Vizx Wolfgang Kubicki und Schauspielerx Sophia Thomalla [&hellip;]<\/p>\n","protected":false},"author":1,"featured_media":0,"comment_status":"open","ping_status":"open","sticky":false,"template":"","format":"standard","meta":{"footnotes":""},"categories":[16,2,5,6,20],"tags":[1059,1053,1058,1050,166,1054,1056,319,1052,238,1055,1051,1057],"class_list":["post-1700","post","type-post","status-publish","format-standard","hentry","category-filmetv","category-gesellschaftliches","category-medien","category-politik","category-sprachliches","tag-ampel","tag-anton-hofreiter","tag-feminismus","tag-frank-plasberg","tag-gendern","tag-hart-aber-fair","tag-mediathek","tag-sexismus","tag-sophia-thomalla","tag-talkshow","tag-wdr","tag-wolfgang-kubicki","tag-zensur"],"_links":{"self":[{"href":"https:\/\/www.keinblatt.de\/blog\/wp-json\/wp\/v2\/posts\/1700","targetHints":{"allow":["GET"]}}],"collection":[{"href":"https:\/\/www.keinblatt.de\/blog\/wp-json\/wp\/v2\/posts"}],"about":[{"href":"https:\/\/www.keinblatt.de\/blog\/wp-json\/wp\/v2\/types\/post"}],"author":[{"embeddable":true,"href":"https:\/\/www.keinblatt.de\/blog\/wp-json\/wp\/v2\/users\/1"}],"replies":[{"embeddable":true,"href":"https:\/\/www.keinblatt.de\/blog\/wp-json\/wp\/v2\/comments?post=1700"}],"version-history":[{"count":0,"href":"https:\/\/www.keinblatt.de\/blog\/wp-json\/wp\/v2\/posts\/1700\/revisions"}],"wp:attachment":[{"href":"https:\/\/www.keinblatt.de\/blog\/wp-json\/wp\/v2\/media?parent=1700"}],"wp:term":[{"taxonomy":"category","embeddable":true,"href":"https:\/\/www.keinblatt.de\/blog\/wp-json\/wp\/v2\/categories?post=1700"},{"taxonomy":"post_tag","embeddable":true,"href":"https:\/\/www.keinblatt.de\/blog\/wp-json\/wp\/v2\/tags?post=1700"}],"curies":[{"name":"wp","href":"https:\/\/api.w.org\/{rel}","templated":true}]}}