{"id":1589,"date":"2015-06-24T02:37:26","date_gmt":"2015-06-24T00:37:26","guid":{"rendered":"http:\/\/www.keinblatt.de\/blog\/?p=1589"},"modified":"2021-03-28T15:58:37","modified_gmt":"2021-03-28T13:58:37","slug":"fachkraeftemangel-erreicht-csu-spitze","status":"publish","type":"post","link":"https:\/\/www.keinblatt.de\/blog\/fachkraeftemangel-erreicht-csu-spitze\/","title":{"rendered":"Fachkr\u00e4ftemangel erreicht CSU-Spitze"},"content":{"rendered":"<figure id=\"attachment_1590\" aria-describedby=\"caption-attachment-1590\" style=\"width: 640px\" class=\"wp-caption alignnone\"><a href=\"https:\/\/www.keinblatt.de\/blog\/wp-content\/uploads\/2015\/06\/640px-2011-11-09_Horst_Seehofer_02.jpg\"><img loading=\"lazy\" decoding=\"async\" class=\"size-full wp-image-1590\" src=\"https:\/\/www.keinblatt.de\/blog\/wp-content\/uploads\/2015\/06\/640px-2011-11-09_Horst_Seehofer_02.jpg\" alt=\"Horst Seehofer\" width=\"640\" height=\"427\" srcset=\"https:\/\/www.keinblatt.de\/blog\/wp-content\/uploads\/2015\/06\/640px-2011-11-09_Horst_Seehofer_02.jpg 640w, https:\/\/www.keinblatt.de\/blog\/wp-content\/uploads\/2015\/06\/640px-2011-11-09_Horst_Seehofer_02-300x200.jpg 300w\" sizes=\"auto, (max-width: 640px) 100vw, 640px\" \/><\/a><figcaption id=\"caption-attachment-1590\" class=\"wp-caption-text\">Horst Seehofer (CSU), personifizierter Fachkr\u00e4ftemangel: &#8222;Windr\u00e4der sind etwas f\u00fcr Nord-, besser Polarlichter&#8220;. Foto: <a href=\"https:\/\/commons.wikimedia.org\/wiki\/File:2011-11-09_Horst_Seehofer_02.jpg\" target=\"_blank\">Michael Lucan<\/a> \/ Lizenz: <a href=\"https:\/\/creativecommons.org\/licenses\/by-sa\/3.0\/deed.en\" target=\"_blank\">CC BY-SA 3.0<\/a><\/figcaption><\/figure>\n<p>Der Fachkr\u00e4ftemangel in Deutschland wird immer bedrohlicher. Auch in der CSU-Spitze ist der Fachkr\u00e4ftemangel nicht mehr zu verbergen. Denn es l\u00e4uft alles andere als rund in der CSU.<\/p>\n<h3>Betreuungsgeld<\/h3>\n<p>Das Betreuungsgeld, ein CSU-Projekt, das auch als <em>Herdpr\u00e4mie<\/em> bekannt ist, wird wohl vom Bundesverfassungsgericht kassiert werden. Die Karlsruher Richter haben bereits massive Zweifel an der Rechtm\u00e4\u00dfigkeit des Gesetzes ge\u00e4u\u00dfert.<\/p>\n<h3>Pkw-Maut<\/h3>\n<p>Auch bei der Ausl\u00e4ndermaut, das Herzensprojekt der CSU, gibt es massive Schwierigkeiten. Bundesverkehrsminister Alexander Dobrindt (CSU, q.e.d.) musste die Maut nach einem Einspruch der EU-Kommission erst einmal zur\u00fcckstellen. Die EU-Kommission sieht den Gleichheitsgrundsatz verletzt, da die Maut faktisch nur von Haltern von im Ausland zugelassenen Wagen bezahlt wird. Denn Halter von in Deutschland zugelassenen Pkw bekommen die Ausl\u00e4ndermaut eins zu eins durch eine Senkung der Kfz-Steuer erstattet.<\/p>\n<p>Der bayerische Ministerpr\u00e4sident Horst Seehofer sieht hier kein Versagen. Er sagte: &#8222;Wenn ein deutscher Bundestag ein Gesetz verabschiedet, der Bundesrat das Gesetz passieren l\u00e4sst, und der Bundespr\u00e4sident unterschreibt, und dann &#8218;irgendeine Institution&#8216; rechtlich dagegen vorgeht, womit Sie ja heute bei jedem Gesetz rechnen m\u00fcssen, dann k\u00f6nnen Sie ja im Ernst nicht von Scheitern reden.&#8220;<\/p>\n<p>Dass das Gesetz heftig umstritten war, sogar in den Regierungsparteien CDU und SPD, erst recht in der Opposition, verschweigt Seehofer. keinblatt.de hat rekonstruiert, was Seehofer eigentlich sagen wollte, aber nicht sagen durfte: &#8222;Das Stammtisch-Bierzelt-Gesetz hat fast nur Unterst\u00fctzung in &#8218;irgendeiner Regionalpartei&#8216;. Da kann man im Ernst nicht von Erfolg sprechen.&#8220;<\/p>\n<h3>Energiewende<\/h3>\n<p>Thema Energiewende: Statt dem Bau von Stromtrassen und dem Aufstellen von h\u00e4sslichen Windr\u00e4dern will Seehofer darauf setzen, dass Bayern gegen den Strom schwimmt. &#8222;Wenn man gegen den Strom schwimmt, dann werden Sie ja nicht bestreiten k\u00f6nnen, dass Strom da ist und auf Sie zuflie\u00dft. Wir haben also genug Strom!&#8220;, sagte der bayerische Ministerpr\u00e4sident.<\/p>\n<h3>Ma\u00dfnahmen gegen den Fachkr\u00e4ftemangel<\/h3>\n<p>Vieles wirkt hilflos, sowohl in der Parteispitze als auch in den beratenden Gremien fehlt es an Fachkr\u00e4ften. Doch Seehofer wiegelt ab. In Bayern m\u00fcsse man keine Fachkr\u00e4fte anwerben, man komme in der sch\u00f6nen, Windrad- und Castor-freien Natur ganz von alleine wieder zu Kr\u00e4ften, so der bayerische Ministerpr\u00e4sident.<img loading=\"lazy\" decoding=\"async\" class=\"vgwort\" src=\"https:\/\/ssl-vg03.met.vgwort.de\/na\/2c94513e8ae9428284000fddefa42a16\" alt=\"\" width=\"1\" height=\"1\" \/><\/p>\n","protected":false},"excerpt":{"rendered":"<p>Der Fachkr\u00e4ftemangel in Deutschland wird immer bedrohlicher. Auch in der CSU-Spitze ist der Fachkr\u00e4ftemangel nicht mehr zu verbergen. Denn es l\u00e4uft alles andere als rund in der CSU. Betreuungsgeld Das Betreuungsgeld, ein CSU-Projekt, das auch als Herdpr\u00e4mie bekannt ist, wird wohl vom Bundesverfassungsgericht kassiert werden. Die Karlsruher Richter haben bereits massive Zweifel an der Rechtm\u00e4\u00dfigkeit [&hellip;]<\/p>\n","protected":false},"author":1,"featured_media":0,"comment_status":"open","ping_status":"open","sticky":false,"template":"","format":"standard","meta":{"footnotes":""},"categories":[2,6,3],"tags":[115,393,394,989,988,240,114,831,732],"class_list":["post-1589","post","type-post","status-publish","format-standard","hentry","category-gesellschaftliches","category-politik","category-wissenschaft","tag-alexander-dobrindt","tag-auslaender","tag-csu","tag-energiewende","tag-fachkraeftemangel","tag-horst-seehofer","tag-maut","tag-stromtrasse","tag-windraeder"],"_links":{"self":[{"href":"https:\/\/www.keinblatt.de\/blog\/wp-json\/wp\/v2\/posts\/1589","targetHints":{"allow":["GET"]}}],"collection":[{"href":"https:\/\/www.keinblatt.de\/blog\/wp-json\/wp\/v2\/posts"}],"about":[{"href":"https:\/\/www.keinblatt.de\/blog\/wp-json\/wp\/v2\/types\/post"}],"author":[{"embeddable":true,"href":"https:\/\/www.keinblatt.de\/blog\/wp-json\/wp\/v2\/users\/1"}],"replies":[{"embeddable":true,"href":"https:\/\/www.keinblatt.de\/blog\/wp-json\/wp\/v2\/comments?post=1589"}],"version-history":[{"count":0,"href":"https:\/\/www.keinblatt.de\/blog\/wp-json\/wp\/v2\/posts\/1589\/revisions"}],"wp:attachment":[{"href":"https:\/\/www.keinblatt.de\/blog\/wp-json\/wp\/v2\/media?parent=1589"}],"wp:term":[{"taxonomy":"category","embeddable":true,"href":"https:\/\/www.keinblatt.de\/blog\/wp-json\/wp\/v2\/categories?post=1589"},{"taxonomy":"post_tag","embeddable":true,"href":"https:\/\/www.keinblatt.de\/blog\/wp-json\/wp\/v2\/tags?post=1589"}],"curies":[{"name":"wp","href":"https:\/\/api.w.org\/{rel}","templated":true}]}}