{"id":1495,"date":"2015-05-20T01:06:02","date_gmt":"2015-05-19T23:06:02","guid":{"rendered":"http:\/\/www.keinblatt.de\/blog\/?p=1495"},"modified":"2023-07-02T19:55:28","modified_gmt":"2023-07-02T17:55:28","slug":"fehlerhafte-naht-bundeswehrsoldaten-koennen-im-kampfeinsatz-ihre-hose-verlieren","status":"publish","type":"post","link":"https:\/\/www.keinblatt.de\/blog\/fehlerhafte-naht-bundeswehrsoldaten-koennen-im-kampfeinsatz-ihre-hose-verlieren\/","title":{"rendered":"Fehlerhafte Naht: Bundeswehrsoldaten k\u00f6nnen im Kampfeinsatz ihre Hose verlieren"},"content":{"rendered":"<figure id=\"attachment_1496\" aria-describedby=\"caption-attachment-1496\" style=\"width: 231px\" class=\"wp-caption alignleft\"><a href=\"https:\/\/www.keinblatt.de\/blog\/wp-content\/uploads\/2015\/05\/soldat_ohne_hose.jpg\"><img loading=\"lazy\" decoding=\"async\" class=\"size-medium wp-image-1496\" src=\"https:\/\/www.keinblatt.de\/blog\/wp-content\/uploads\/2015\/05\/soldat_ohne_hose-231x300.jpg\" alt=\"Soldat ohne Hose\" width=\"231\" height=\"300\" srcset=\"https:\/\/www.keinblatt.de\/blog\/wp-content\/uploads\/2015\/05\/soldat_ohne_hose-231x300.jpg 231w, https:\/\/www.keinblatt.de\/blog\/wp-content\/uploads\/2015\/05\/soldat_ohne_hose.jpg 493w\" sizes=\"auto, (max-width: 231px) 100vw, 231px\" \/><\/a><figcaption id=\"caption-attachment-1496\" class=\"wp-caption-text\">Verflixt und zugen\u00e4ht! Erneut l\u00e4uft es bei der Bundeswehr nicht nach Strich und Faden. Foto: <a href=\"https:\/\/commons.wikimedia.org\/wiki\/File:German_Bundeswehr_in_a_house.JPEG?uselang=de\" target=\"_blank\">Camera Operator: SSGT MARIA J. LORENTE, USAF<\/a>, bearbeitet durch keinblatt.de \/ Lizenz: Public Domain<\/figcaption><\/figure>\n<p>Die Pannenserie bei der Bundeswehr rei\u00dft nicht ab. Erst wurde bekannt, dass das Standardgewehr, das Sturmgewehr G36 von Heckler &amp; Koch, wegen massiver Pr\u00e4zisionsprobleme ausgemustert werden soll. Dann mussten <a href=\"https:\/\/web.archive.org\/web\/20170216200503\/https:\/\/www.focus.de\/politik\/deutschland\/verteidigung-bundeswehr-zieht-gefechtshelme-aus-dem-verkehr_id_4692696.html\" target=\"_blank\" rel=\"noopener noreferrer\">zehntausende Gefechtshelme wegen einer defekten Schraube aus dem Verkehr gezogen werden<\/a>. Die Schraube, deren Funktion darin liegt, den Helm so zu justieren, dass er nicht zu locker sitzt, ist nicht ausreichend gegen Splitter gesch\u00fctzt.<\/p>\n<p>Nun die n\u00e4chste Panne: Bei der letzten Gro\u00dflieferung von Kampfanz\u00fcgen gibt es ein massives Qualit\u00e4tsproblem. Die N\u00e4hte der Hosen k\u00f6nnen sich aufl\u00f6sen und die Soldaten ihre Hosen verlieren. Einige Soldaten standen bereits nach einer \u00dcbung ohne sch\u00fctzendes Beinkleid da.<\/p>\n<h3>Falscher Faden verwendet: Hosen l\u00f6sen sich regelrecht auf<\/h3>\n<p>Eine \u00dcberpr\u00fcfung ergab, dass als Naht versehentlich ein OP-Faden verwendet wurde. Dieser hat die Eigenschaft, dass er sich nach einiger Zeit selbst\u00e4ndig aufl\u00f6st. Dies ist bei medizinischen Eingriffen auch ausdr\u00fccklich gew\u00fcnscht, der Faden wird dann nach Abheilung der Wunde vom K\u00f6rper abgebaut. Bei Kleidung ist es fatal, hier reicht eine feuchte Umgebung gepaart mit K\u00f6rperschwei\u00df aus, um den Faden br\u00fcchig werden zu lassen.<\/p>\n<p>Angeblich liegt ein Missverst\u00e4ndnis bei der Bestellung vor. Die letzte Marge an N\u00e4hfaden f\u00fcr die Produktion wurde im Rahmen der &#8222;Operation Leyensturm&#8220; bestellt. Hier wurde m\u00f6glicherweise von der Bestellabteilung angenommen, dass damit OP-Faden f\u00fcr die Bundeswehr-Krankenh\u00e4user gemeint sei. M\u00f6glicherweise handelt es sich jedoch um eine fadenscheinige Ausrede.<\/p>\n<p>Volker Wehrle, Generalinspekteur der Bundeswehr, soll nach keinblatt.de-Informationen auf den erneuten peinlichen Zwischenfall mit einem cholerischen Anfall reagiert und mit bereits gef\u00e4hrlich rutschender Hose gebr\u00fcllt haben: &#8222;Himmel, Arsch und Zwirn! Bin ich hier nur von Idioten umgeben?&#8220;<img loading=\"lazy\" decoding=\"async\" class=\"vg\" src=\"https:\/\/ssl-vg03.met.vgwort.de\/na\/8431f38296994ba98592f6091862eb81\" alt=\"\" width=\"1\" height=\"1\" \/><\/p>\n","protected":false},"excerpt":{"rendered":"<p>Die Pannenserie bei der Bundeswehr rei\u00dft nicht ab. Erst wurde bekannt, dass das Standardgewehr, das Sturmgewehr G36 von Heckler &amp; Koch, wegen massiver Pr\u00e4zisionsprobleme ausgemustert werden soll. Dann mussten zehntausende Gefechtshelme wegen einer defekten Schraube aus dem Verkehr gezogen werden. Die Schraube, deren Funktion darin liegt, den Helm so zu justieren, dass er nicht zu [&hellip;]<\/p>\n","protected":false},"author":1,"featured_media":0,"comment_status":"open","ping_status":"open","sticky":false,"template":"","format":"standard","meta":{"footnotes":""},"categories":[977,6],"tags":[209,928,929,963,964,926],"class_list":["post-1495","post","type-post","status-publish","format-standard","hentry","category-konflikteterrormilitaer","category-politik","tag-bundeswehr","tag-g36","tag-heckler-koch","tag-hose","tag-kampfanzug","tag-sturmgewehr"],"_links":{"self":[{"href":"https:\/\/www.keinblatt.de\/blog\/wp-json\/wp\/v2\/posts\/1495","targetHints":{"allow":["GET"]}}],"collection":[{"href":"https:\/\/www.keinblatt.de\/blog\/wp-json\/wp\/v2\/posts"}],"about":[{"href":"https:\/\/www.keinblatt.de\/blog\/wp-json\/wp\/v2\/types\/post"}],"author":[{"embeddable":true,"href":"https:\/\/www.keinblatt.de\/blog\/wp-json\/wp\/v2\/users\/1"}],"replies":[{"embeddable":true,"href":"https:\/\/www.keinblatt.de\/blog\/wp-json\/wp\/v2\/comments?post=1495"}],"version-history":[{"count":0,"href":"https:\/\/www.keinblatt.de\/blog\/wp-json\/wp\/v2\/posts\/1495\/revisions"}],"wp:attachment":[{"href":"https:\/\/www.keinblatt.de\/blog\/wp-json\/wp\/v2\/media?parent=1495"}],"wp:term":[{"taxonomy":"category","embeddable":true,"href":"https:\/\/www.keinblatt.de\/blog\/wp-json\/wp\/v2\/categories?post=1495"},{"taxonomy":"post_tag","embeddable":true,"href":"https:\/\/www.keinblatt.de\/blog\/wp-json\/wp\/v2\/tags?post=1495"}],"curies":[{"name":"wp","href":"https:\/\/api.w.org\/{rel}","templated":true}]}}