{"id":1449,"date":"2015-04-30T23:21:47","date_gmt":"2015-04-30T21:21:47","guid":{"rendered":"http:\/\/www.keinblatt.de\/blog\/?p=1449"},"modified":"2019-11-22T00:16:59","modified_gmt":"2019-11-21T23:16:59","slug":"bnd-affaere-kanzleramt-gibt-deutscher-bevoelkerung-die-schuld","status":"publish","type":"post","link":"https:\/\/www.keinblatt.de\/blog\/bnd-affaere-kanzleramt-gibt-deutscher-bevoelkerung-die-schuld\/","title":{"rendered":"BND-Aff\u00e4re: Kanzleramt gibt deutscher Bev\u00f6lkerung die Schuld"},"content":{"rendered":"<figure id=\"attachment_1450\" aria-describedby=\"caption-attachment-1450\" style=\"width: 640px\" class=\"wp-caption alignnone\"><a href=\"https:\/\/www.keinblatt.de\/blog\/wp-content\/uploads\/2015\/04\/640px-Bad_aibling_station_3.jpg\"><img loading=\"lazy\" decoding=\"async\" class=\"size-full wp-image-1450\" src=\"https:\/\/www.keinblatt.de\/blog\/wp-content\/uploads\/2015\/04\/640px-Bad_aibling_station_3.jpg\" alt=\"Bad Aibling Abh\u00f6rstation\" width=\"640\" height=\"427\" srcset=\"https:\/\/www.keinblatt.de\/blog\/wp-content\/uploads\/2015\/04\/640px-Bad_aibling_station_3.jpg 640w, https:\/\/www.keinblatt.de\/blog\/wp-content\/uploads\/2015\/04\/640px-Bad_aibling_station_3-300x200.jpg 300w\" sizes=\"auto, (max-width: 640px) 100vw, 640px\" \/><\/a><figcaption id=\"caption-attachment-1450\" class=\"wp-caption-text\">Abh\u00f6rstation des BND im bayerischen Bad Aibling. Foto: <a href=\"https:\/\/commons.wikimedia.org\/wiki\/File:Bad_aibling_station_3.jpg?uselang=de\" target=\"_blank\">Dr. Johannes W. Dietrich<\/a> \/ Lizenz: Public Domain<\/figcaption><\/figure>\n<p>Die BND-Aff\u00e4re weitet sich aus. Der BND soll Berichten zufolge der NSA jahrelang geholfen haben, hochrangige Beamte des Au\u00dfenministeriums in Frankreich, den Pr\u00e4sidentenpalast in Paris und die EU-Kommission in Br\u00fcssel auszusp\u00e4hen. Das Kanzleramt soll seit Jahren \u00fcber die Vorg\u00e4nge informiert worden sein, hielt die Informationen aber zur\u00fcck.<\/p>\n<p>Wie keinblatt.de von einem Vertrauten der Kanzlerin erfuhr, der nicht genannt werden will, sieht die Kanzlerin keine Vers\u00e4umnisse bei sich und damit keinen Handlungsbedarf oder sogar R\u00fccktrittsgrund.<\/p>\n<p>Die Kanzlerin sagte sinngem\u00e4\u00df, solange die \u00f6ffentliche Emp\u00f6rung auf einem derart niedrigen Niveau bleibe und sich die Deutschen nur f\u00fcr ausgerutschte Elfmetersch\u00fctzen beim FC Bayern und andere Boulevardthemen interessierten und gleichzeitig sie weiterhin so unglaublich beliebt bei den Deutschen sei,\u00a0 k\u00f6nne man ja nicht viel falsch gemacht haben. Ergo gebe es schlicht kein Problem und es bestehe damit auch keine Notwendigkeit, einzugreifen. Die Schuld liege also klar bei den Deutschen.<\/p>\n<p>Wer die Arbeit seiner Volksvertreter nicht \u00fcberwache und sich allenfalls f\u00fcr die Merkel-Raute und den Schnitt des lebenden Hosenanzugs interessiere, habe auch keine bessere F\u00fchrung verdient, so die Kanzlerin in einem Gespr\u00e4ch, das niemals an die \u00d6ffentlichkeit kommen darf und wird.<\/p>\n","protected":false},"excerpt":{"rendered":"<p>Die BND-Aff\u00e4re weitet sich aus. Der BND soll Berichten zufolge der NSA jahrelang geholfen haben, hochrangige Beamte des Au\u00dfenministeriums in Frankreich, den Pr\u00e4sidentenpalast in Paris und die EU-Kommission in Br\u00fcssel auszusp\u00e4hen. Das Kanzleramt soll seit Jahren \u00fcber die Vorg\u00e4nge informiert worden sein, hielt die Informationen aber zur\u00fcck. Wie keinblatt.de von einem Vertrauten der Kanzlerin erfuhr, [&hellip;]<\/p>\n","protected":false},"author":1,"featured_media":0,"comment_status":"open","ping_status":"open","sticky":false,"template":"","format":"standard","meta":{"footnotes":""},"categories":[2,7,5,6,17],"tags":[885,95,52,270,886],"class_list":["post-1449","post","type-post","status-publish","format-standard","hentry","category-gesellschaftliches","category-kriminalitat","category-medien","category-politik","category-technik","tag-abhoeraffaere","tag-angela-merkel","tag-bnd","tag-nsa","tag-spaehaffaere"],"_links":{"self":[{"href":"https:\/\/www.keinblatt.de\/blog\/wp-json\/wp\/v2\/posts\/1449","targetHints":{"allow":["GET"]}}],"collection":[{"href":"https:\/\/www.keinblatt.de\/blog\/wp-json\/wp\/v2\/posts"}],"about":[{"href":"https:\/\/www.keinblatt.de\/blog\/wp-json\/wp\/v2\/types\/post"}],"author":[{"embeddable":true,"href":"https:\/\/www.keinblatt.de\/blog\/wp-json\/wp\/v2\/users\/1"}],"replies":[{"embeddable":true,"href":"https:\/\/www.keinblatt.de\/blog\/wp-json\/wp\/v2\/comments?post=1449"}],"version-history":[{"count":0,"href":"https:\/\/www.keinblatt.de\/blog\/wp-json\/wp\/v2\/posts\/1449\/revisions"}],"wp:attachment":[{"href":"https:\/\/www.keinblatt.de\/blog\/wp-json\/wp\/v2\/media?parent=1449"}],"wp:term":[{"taxonomy":"category","embeddable":true,"href":"https:\/\/www.keinblatt.de\/blog\/wp-json\/wp\/v2\/categories?post=1449"},{"taxonomy":"post_tag","embeddable":true,"href":"https:\/\/www.keinblatt.de\/blog\/wp-json\/wp\/v2\/tags?post=1449"}],"curies":[{"name":"wp","href":"https:\/\/api.w.org\/{rel}","templated":true}]}}