{"id":1420,"date":"2015-04-21T14:33:01","date_gmt":"2015-04-21T12:33:01","guid":{"rendered":"http:\/\/www.keinblatt.de\/blog\/?p=1420"},"modified":"2016-12-29T11:24:37","modified_gmt":"2016-12-29T10:24:37","slug":"zur-abschreckung-von-fluechtlingen-eu-will-riesenkraken-im-mittelmeer-ansiedeln","status":"publish","type":"post","link":"https:\/\/www.keinblatt.de\/blog\/zur-abschreckung-von-fluechtlingen-eu-will-riesenkraken-im-mittelmeer-ansiedeln\/","title":{"rendered":"Zur Abschreckung von Fl\u00fcchtlingen: EU will Riesenkraken im Mittelmeer ansiedeln"},"content":{"rendered":"<figure id=\"attachment_1421\" aria-describedby=\"caption-attachment-1421\" style=\"width: 225px\" class=\"wp-caption alignleft\"><img loading=\"lazy\" decoding=\"async\" class=\"size-full wp-image-1421\" src=\"https:\/\/www.keinblatt.de\/blog\/wp-content\/uploads\/2015\/04\/Colossal_octopus_by_Pierre_Denys_de_Montfort.jpg\" alt=\"Riesenkraken\" width=\"225\" height=\"346\" srcset=\"https:\/\/www.keinblatt.de\/blog\/wp-content\/uploads\/2015\/04\/Colossal_octopus_by_Pierre_Denys_de_Montfort.jpg 225w, https:\/\/www.keinblatt.de\/blog\/wp-content\/uploads\/2015\/04\/Colossal_octopus_by_Pierre_Denys_de_Montfort-195x300.jpg 195w\" sizes=\"auto, (max-width: 225px) 100vw, 225px\" \/><figcaption id=\"caption-attachment-1421\" class=\"wp-caption-text\">Riesenkrake. Wer hier behauptet, keine Angst zu haben, sagt nicht die Wahrheit. Foto: <a href=\"https:\/\/commons.wikimedia.org\/wiki\/File:Colossal_octopus_by_Pierre_Denys_de_Montfort.jpg\" target=\"_blank\">Pierre Denys de Mont fort<\/a> \/ Lizenz: Public Domain<\/figcaption><\/figure>\n<p>Nach den schrecklichen Schiffsungl\u00fccken, bei denen im Mittelmeer innerhalb weniger Tage rund 1.000 Fl\u00fcchtlinge ertrunken waren, reagiert nun endlich die Politik mit konkreten Pl\u00e4nen.<\/p>\n<p>Die EU-Kommission will dabei einen Vorschlag der italienischen Regierung realisieren, der auf Abschreckung basiert. Das Problem sei, dass die verzweifelten Menschen die \u00dcberfahrt wagten, da sie der Ansicht seien, es werde schon alles gut gehen, so Romano Asilis, EU-Kommissar f\u00fcr Grenzsicherung und Tourismus. Die Schiffsungl\u00fccke w\u00fcrden auch nur bedingt abschreckend wirken. Daher m\u00fcssten, so w\u00f6rtlich \u2013 &#8222;verst\u00e4rkende Ma\u00dfnahmen&#8220; \u2013 umgesetzt werden, f\u00fchrt Asilis aus.<\/p>\n<p>Konkret sollen Riesenkraken im Mittelmeer ausgesetzt werden. Wie viele Tiere ins Mittelmeer verfrachtet werden, wird noch n\u00e4her festgelegt. Asilis betont, dass es ihm alleine um Abschreckung und Aufkl\u00e4rung gehe. Er wolle keinesfalls erreichen, dass Fl\u00fcchtlinge zu Schaden kommen, obwohl die Riesenkraken durchaus in der Lage seien, mit ihren langen, furchteinfl\u00f6\u00dfenden Armen Passagiere anzugreifen und ins Wasser herabzuziehen.<\/p>\n<p>Asilis geht davon aus, dass sich die EU-Ma\u00dfnahme schnell herumspreche und das Interesse an \u00dcberfahrten \u00fcberschaubar werde. Damit k\u00f6nne man das Schleppergesch\u00e4ft regelrecht austrocknen, so Asilis.<\/p>\n","protected":false},"excerpt":{"rendered":"<p>Nach den schrecklichen Schiffsungl\u00fccken, bei denen im Mittelmeer innerhalb weniger Tage rund 1.000 Fl\u00fcchtlinge ertrunken waren, reagiert nun endlich die Politik mit konkreten Pl\u00e4nen. Die EU-Kommission will dabei einen Vorschlag der italienischen Regierung realisieren, der auf Abschreckung basiert. Das Problem sei, dass die verzweifelten Menschen die \u00dcberfahrt wagten, da sie der Ansicht seien, es werde [&hellip;]<\/p>\n","protected":false},"author":1,"featured_media":0,"comment_status":"open","ping_status":"open","sticky":false,"template":"","format":"standard","meta":{"footnotes":""},"categories":[6,8],"tags":[108,168,895,1191,861,894,862,1660],"class_list":["post-1420","post","type-post","status-publish","format-standard","hentry","category-politik","category-unfalle","tag-eu","tag-fluechtlinge","tag-italien","tag-migranten","tag-mittelmeer","tag-riesenkraken","tag-schiffsunglueck","tag-schlepper"],"_links":{"self":[{"href":"https:\/\/www.keinblatt.de\/blog\/wp-json\/wp\/v2\/posts\/1420","targetHints":{"allow":["GET"]}}],"collection":[{"href":"https:\/\/www.keinblatt.de\/blog\/wp-json\/wp\/v2\/posts"}],"about":[{"href":"https:\/\/www.keinblatt.de\/blog\/wp-json\/wp\/v2\/types\/post"}],"author":[{"embeddable":true,"href":"https:\/\/www.keinblatt.de\/blog\/wp-json\/wp\/v2\/users\/1"}],"replies":[{"embeddable":true,"href":"https:\/\/www.keinblatt.de\/blog\/wp-json\/wp\/v2\/comments?post=1420"}],"version-history":[{"count":0,"href":"https:\/\/www.keinblatt.de\/blog\/wp-json\/wp\/v2\/posts\/1420\/revisions"}],"wp:attachment":[{"href":"https:\/\/www.keinblatt.de\/blog\/wp-json\/wp\/v2\/media?parent=1420"}],"wp:term":[{"taxonomy":"category","embeddable":true,"href":"https:\/\/www.keinblatt.de\/blog\/wp-json\/wp\/v2\/categories?post=1420"},{"taxonomy":"post_tag","embeddable":true,"href":"https:\/\/www.keinblatt.de\/blog\/wp-json\/wp\/v2\/tags?post=1420"}],"curies":[{"name":"wp","href":"https:\/\/api.w.org\/{rel}","templated":true}]}}