{"id":1383,"date":"2015-04-12T12:52:48","date_gmt":"2015-04-12T10:52:48","guid":{"rendered":"http:\/\/www.keinblatt.de\/blog\/?p=1383"},"modified":"2020-02-26T02:34:25","modified_gmt":"2020-02-26T01:34:25","slug":"franz-josef-strauss-wird-nach-vorbild-der-christusstatue-rio-riesiges-denkmal-erhalten","status":"publish","type":"post","link":"https:\/\/www.keinblatt.de\/blog\/franz-josef-strauss-wird-nach-vorbild-der-christusstatue-rio-riesiges-denkmal-erhalten\/","title":{"rendered":"Franz Josef Strau\u00df wird nach Vorbild der Christusstatue (Rio) riesiges Denkmal erhalten"},"content":{"rendered":"<figure id=\"attachment_1384\" aria-describedby=\"caption-attachment-1384\" style=\"width: 200px\" class=\"wp-caption alignleft\"><a href=\"https:\/\/www.keinblatt.de\/blog\/wp-content\/uploads\/2015\/04\/682px-Cristo_Redentor_-_Rio_de_Janeiro_Brasil.jpg\"><img loading=\"lazy\" decoding=\"async\" class=\"size-medium wp-image-1384\" src=\"https:\/\/www.keinblatt.de\/blog\/wp-content\/uploads\/2015\/04\/682px-Cristo_Redentor_-_Rio_de_Janeiro_Brasil-200x300.jpg\" alt=\"Cristo Redentor\" width=\"200\" height=\"300\" srcset=\"https:\/\/www.keinblatt.de\/blog\/wp-content\/uploads\/2015\/04\/682px-Cristo_Redentor_-_Rio_de_Janeiro_Brasil-200x300.jpg 200w, https:\/\/www.keinblatt.de\/blog\/wp-content\/uploads\/2015\/04\/682px-Cristo_Redentor_-_Rio_de_Janeiro_Brasil.jpg 682w\" sizes=\"auto, (max-width: 200px) 100vw, 200px\" \/><\/a><figcaption id=\"caption-attachment-1384\" class=\"wp-caption-text\">Cristo Redentor in Rio. Die Strau\u00df-Statue soll noch h\u00f6her (und aus zwingenden Gr\u00fcnden auch \u00fcberproportional breiter) werden. Foto: <a href=\"https:\/\/commons.wikimedia.org\/wiki\/File:Cristo_Redentor_-_Rio_de_Janeiro,_Brasil.jpg?uselang=de\" target=\"_blank\">Nico Kaiser<\/a> \/ Lizenz: <a href=\"https:\/\/creativecommons.org\/licenses\/by\/2.0\/deed.de\" target=\"_blank\">CC BY 2.0<\/a><\/figcaption><\/figure>\n<figure id=\"attachment_1115\" aria-describedby=\"caption-attachment-1115\" style=\"width: 247px\" class=\"wp-caption alignright\"><a href=\"https:\/\/www.keinblatt.de\/blog\/wp-content\/uploads\/2014\/11\/Franz_Josef_Strau\u00df_1982.jpg\"><img loading=\"lazy\" decoding=\"async\" class=\"size-medium wp-image-1115\" src=\"https:\/\/www.keinblatt.de\/blog\/wp-content\/uploads\/2014\/11\/Franz_Josef_Strau\u00df_1982-247x300.jpg\" alt=\"Franz Josef Strau\u00df\" width=\"247\" height=\"300\" srcset=\"https:\/\/www.keinblatt.de\/blog\/wp-content\/uploads\/2014\/11\/Franz_Josef_Strau\u00df_1982-247x300.jpg 247w, https:\/\/www.keinblatt.de\/blog\/wp-content\/uploads\/2014\/11\/Franz_Josef_Strau\u00df_1982.jpg 495w\" sizes=\"auto, (max-width: 247px) 100vw, 247px\" \/><\/a><figcaption id=\"caption-attachment-1115\" class=\"wp-caption-text\">Franz Josef Strau\u00df (\u2020, fast 100): Nationalheld. Seine Visionen sind immer noch in der bayerischen Politik gegenw\u00e4rtig. Die Ausl\u00e4ndermaut h\u00e4tte Strau\u00df sicher gefallen. Foto: <a href=\"https:\/\/commons.wikimedia.org\/wiki\/File:Franz_Josef_Strau%C3%9F_1982.jpg\" target=\"_blank\">Robert Ward<\/a> \/ Lizenz: Public Domain<\/figcaption><\/figure>\n<p>Im Sp\u00e4tsommer dieses Jahres, genauer am 6. September 2015, wird sich der Geburtstag des ber\u00fchmten bayerischen Ministerpr\u00e4sidenten und Kanzlerkandidaten Franz Josef Strau\u00df (CSU) zum 100. Mal j\u00e4hren. Strau\u00df bestimmt immer noch die bayerische Politik. Der jetzige bayerische Ministerpr\u00e4sident Horst Seehofer l\u00e4sst sich vom alten Strau\u00df inspirieren \u2013 eine Strau\u00df-B\u00fcste hat stets Sichtkontakt mit Seehofers Schreibtisch und wacht \u00fcber dessen Arbeit.<\/p>\n<p>Der bayerische Finanzminister und Strau\u00df-Verehrer Markus S\u00f6der plant nun Gro\u00dfes. Nach dem Vorbild der ber\u00fchmten Christusstatue &#8222;Cristo Redentor&#8220; in Rio de Janeiro soll Strau\u00df ein w\u00fcrdiges Denkmal erhalten. Es soll noch deutlich gr\u00f6\u00dfer als Cristo Redentor ausfallen. Gedacht ist an eine H\u00f6he von 50,x Metern. Damit soll zum Ausdruck gebracht werden, dass die CSU immer f\u00fcr &#8222;50 % plus x&#8220; gut ist. Strau\u00df wird l\u00e4cheln und in der rechten Hand einen Ma\u00dfkrug halten. Die Statue wird aus Stahlbeton gebaut und wie die Christusstatue mit Speckstein \u00fcberzogen werden.<\/p>\n<p>Nach einem Standort wird noch gesucht. Da Strau\u00df in M\u00fcnchen geboren ist, bietet sich nat\u00fcrlich die Landeshauptstadt an. Der Strau\u00df-Flughafen vor den Toren M\u00fcnchens w\u00e4re eigentlich ein Kandidat, aber die zul\u00e4ssige Bauh\u00f6he macht dem Vorhaben einen Strich durch die Rechnung. In einer Einflugschneise darf man eben nicht hoch bauen. Daher werden nun Standorte in der M\u00fcnchner Innenstadt in der N\u00e4he der Staatskanzlei und auf dem Messegel\u00e4nde in Riem (alter Flughafen!) gepr\u00fcft. Riem gilt als ideal, da viele internationale Besucher kommen.<\/p>\n<p>Zu den erwarteten Baukosten und zum Fertigstellungstermin ist noch nichts bekannt.<img loading=\"lazy\" decoding=\"async\" class=\"vg\" src=\"https:\/\/ssl-vg03.met.vgwort.de\/na\/10bf32e757084490a0e7a4f1e587fadb\" alt=\"\" width=\"1\" height=\"1\" \/><\/p>\n","protected":false},"excerpt":{"rendered":"<p>Im Sp\u00e4tsommer dieses Jahres, genauer am 6. September 2015, wird sich der Geburtstag des ber\u00fchmten bayerischen Ministerpr\u00e4sidenten und Kanzlerkandidaten Franz Josef Strau\u00df (CSU) zum 100. Mal j\u00e4hren. Strau\u00df bestimmt immer noch die bayerische Politik. Der jetzige bayerische Ministerpr\u00e4sident Horst Seehofer l\u00e4sst sich vom alten Strau\u00df inspirieren \u2013 eine Strau\u00df-B\u00fcste hat stets Sichtkontakt mit Seehofers Schreibtisch [&hellip;]<\/p>\n","protected":false},"author":1,"featured_media":0,"comment_status":"open","ping_status":"open","sticky":false,"template":"","format":"standard","meta":{"footnotes":""},"categories":[4,26,19,6],"tags":[514,517,516,254,240,453,264,519,518,520,515],"class_list":["post-1383","post","type-post","status-publish","format-standard","hentry","category-boulevard","category-braeuche","category-kunst-kultur","category-politik","tag-christusstatue","tag-cristo-redentor","tag-denkmal","tag-franz-josef-strauss","tag-horst-seehofer","tag-markus-soeder","tag-muenchen","tag-riem","tag-rio-de-janeiro","tag-staatskanzlei","tag-statue"],"_links":{"self":[{"href":"https:\/\/www.keinblatt.de\/blog\/wp-json\/wp\/v2\/posts\/1383","targetHints":{"allow":["GET"]}}],"collection":[{"href":"https:\/\/www.keinblatt.de\/blog\/wp-json\/wp\/v2\/posts"}],"about":[{"href":"https:\/\/www.keinblatt.de\/blog\/wp-json\/wp\/v2\/types\/post"}],"author":[{"embeddable":true,"href":"https:\/\/www.keinblatt.de\/blog\/wp-json\/wp\/v2\/users\/1"}],"replies":[{"embeddable":true,"href":"https:\/\/www.keinblatt.de\/blog\/wp-json\/wp\/v2\/comments?post=1383"}],"version-history":[{"count":0,"href":"https:\/\/www.keinblatt.de\/blog\/wp-json\/wp\/v2\/posts\/1383\/revisions"}],"wp:attachment":[{"href":"https:\/\/www.keinblatt.de\/blog\/wp-json\/wp\/v2\/media?parent=1383"}],"wp:term":[{"taxonomy":"category","embeddable":true,"href":"https:\/\/www.keinblatt.de\/blog\/wp-json\/wp\/v2\/categories?post=1383"},{"taxonomy":"post_tag","embeddable":true,"href":"https:\/\/www.keinblatt.de\/blog\/wp-json\/wp\/v2\/tags?post=1383"}],"curies":[{"name":"wp","href":"https:\/\/api.w.org\/{rel}","templated":true}]}}