{"id":132,"date":"2013-08-09T22:35:10","date_gmt":"2013-08-09T20:35:10","guid":{"rendered":"http:\/\/www.keinblatt.de\/blog\/?p=132"},"modified":"2015-06-02T16:23:24","modified_gmt":"2015-06-02T14:23:24","slug":"schrecklicher-verdacht-ist-mollath-franke","status":"publish","type":"post","link":"https:\/\/www.keinblatt.de\/blog\/schrecklicher-verdacht-ist-mollath-franke\/","title":{"rendered":"Schrecklicher Verdacht: Ist Mollath Franke?"},"content":{"rendered":"<figure id=\"attachment_133\" aria-describedby=\"caption-attachment-133\" style=\"width: 219px\" class=\"wp-caption alignleft\"><a href=\"https:\/\/www.keinblatt.de\/blog\/wp-content\/uploads\/2013\/08\/9383508321_4c28b63933_k.jpg\"><img loading=\"lazy\" decoding=\"async\" class=\"size-medium wp-image-133\" src=\"https:\/\/www.keinblatt.de\/blog\/wp-content\/uploads\/2013\/08\/9383508321_4c28b63933_k-219x300.jpg\" alt=\"Gustl Mollath\" width=\"219\" height=\"300\" srcset=\"https:\/\/www.keinblatt.de\/blog\/wp-content\/uploads\/2013\/08\/9383508321_4c28b63933_k-219x300.jpg 219w, https:\/\/www.keinblatt.de\/blog\/wp-content\/uploads\/2013\/08\/9383508321_4c28b63933_k.jpg 314w\" sizes=\"auto, (max-width: 219px) 100vw, 219px\" \/><\/a><figcaption id=\"caption-attachment-133\" class=\"wp-caption-text\">Whistleblower Gustl Ferdinand Mollath. Nach ersten entlastenden Hinweisen gibt es einen neuen ungeheuerlichen Verdacht. Foto: <a href=\"https:\/\/www.flickr.com\/photos\/68082922@N06\/9383508321\/\" target=\"_blank\">JG-NF<\/a> \/ Lizenz: <a href=\"https:\/\/creativecommons.org\/licenses\/by\/2.0\/\" target=\"_blank\">CC BY 2.0<\/a><\/figcaption><\/figure>\n<p>Gustl Ferdinand Mollath ist frei. Sieben Jahre war er in der geschlossenen Psychiatrie, fr\u00fcher sagte man Irrenanstalt dazu. Es spricht vieles daf\u00fcr, dass Mollath geistig v\u00f6llig normal ist, dass er Opfer eines Komplotts ist, dass er weder gemeingef\u00e4hrlich ist noch die ihm vorgeworfenen Taten (die Ehefrau an nicht einheitlichen Wochentagen verpr\u00fcgelt, Reifen von Fahrr\u00e4dern aufgeschlitzt, die verbotswidrig unter dem Dach der Gemeinschafts-Fahrradgarage herausragten) je begangen hat. Vielmehr hat er offenbar ein kriminelles Netzwerk von Schwarzgeldverschiebungen in einer irren Gr\u00f6\u00dfenordnung aufgedeckt. Mollath war dann derart gef\u00e4hrlich f\u00fcr die herrschende Elite, quasi ganz gemein gef\u00e4hrlich, dass man ihn einfach wegsperren musste. Immer wieder und wieder verbreitete er seine Verschw\u00f6rungstheorie vom schwarzen Geld, er konnte nicht anders. Der Mann, der zu oft musste. Heute wei\u00df man, Mollath ist Whistleblower und Pflanzenz\u00fcchter.<\/p>\n<p>Nun aber gibt es einen neuen, schrecklichen Verdacht: Ist Gutl Mollath etwa Franke? Dem Dialektforscher Dr. Sauerbier ist in Mollaths Aussprache diese f\u00fcrchterliche Konsonantenschw\u00e4chung aufgefallen, wie sie f\u00fcr das Fr\u00e4nkische typisch ist. Aus t wird d, aus k wird g. Dazu kommen ein rollendes r und ein Verschleifen von Wortendungen. Beides ist ber\u00fcchtigt daf\u00fcr, die Ohren der Zuh\u00f6rer auf eine schwere Probe zu stellen. Sauerbier hatte bereits fr\u00fcher anhand bestehender Tonaufzeichnungen gewisse Eigenheiten wahrgenommen. Diesen ging er beim ersten Interview Mollaths in Freiheit nach. &#8222;Ich bin da an einer hei\u00dfen Sache dran&#8220;, wird Sauerbier zitiert.<\/p>\n<p>Auch liefern biographische Daten Mollaths, die als Geburtsort &#8222;N\u00fcrnberg&#8220; ausweisen, starke Hinweise f\u00fcr diese ungeheure These. Wenn man nun auch noch beweisen k\u00f6nnte, dass Mollath seine fr\u00fche Kindheit im N\u00fcrnberger Raum verbracht hat, dann w\u00e4ren die letzten Zweifel beseitigt. Einmal Franke, immer Franke.<\/p>\n<p>Den Autor treiben \u00fcbrigens keine Abneigungen gegen Franken, des Autors Vater ist selbst in N\u00fcrnberg geboren.<img loading=\"lazy\" decoding=\"async\" class=\"vg\" src=\"https:\/\/ssl-vg03.met.vgwort.de\/na\/accf56f402de4580a5f9069635baffca\" alt=\"\" width=\"1\" height=\"1\" \/><\/p>\n","protected":false},"excerpt":{"rendered":"<p>Gustl Ferdinand Mollath ist frei. Sieben Jahre war er in der geschlossenen Psychiatrie, fr\u00fcher sagte man Irrenanstalt dazu. Es spricht vieles daf\u00fcr, dass Mollath geistig v\u00f6llig normal ist, dass er Opfer eines Komplotts ist, dass er weder gemeingef\u00e4hrlich ist noch die ihm vorgeworfenen Taten (die Ehefrau an nicht einheitlichen Wochentagen verpr\u00fcgelt, Reifen von Fahrr\u00e4dern aufgeschlitzt, [&hellip;]<\/p>\n","protected":false},"author":1,"featured_media":0,"comment_status":"open","ping_status":"open","sticky":false,"template":"","format":"standard","meta":{"footnotes":""},"categories":[7,6],"tags":[668,663,667,669],"class_list":["post-132","post","type-post","status-publish","format-standard","hentry","category-kriminalitat","category-politik","tag-franke","tag-gustl-mollath","tag-psychiatrie","tag-schwarzgeld"],"_links":{"self":[{"href":"https:\/\/www.keinblatt.de\/blog\/wp-json\/wp\/v2\/posts\/132","targetHints":{"allow":["GET"]}}],"collection":[{"href":"https:\/\/www.keinblatt.de\/blog\/wp-json\/wp\/v2\/posts"}],"about":[{"href":"https:\/\/www.keinblatt.de\/blog\/wp-json\/wp\/v2\/types\/post"}],"author":[{"embeddable":true,"href":"https:\/\/www.keinblatt.de\/blog\/wp-json\/wp\/v2\/users\/1"}],"replies":[{"embeddable":true,"href":"https:\/\/www.keinblatt.de\/blog\/wp-json\/wp\/v2\/comments?post=132"}],"version-history":[{"count":0,"href":"https:\/\/www.keinblatt.de\/blog\/wp-json\/wp\/v2\/posts\/132\/revisions"}],"wp:attachment":[{"href":"https:\/\/www.keinblatt.de\/blog\/wp-json\/wp\/v2\/media?parent=132"}],"wp:term":[{"taxonomy":"category","embeddable":true,"href":"https:\/\/www.keinblatt.de\/blog\/wp-json\/wp\/v2\/categories?post=132"},{"taxonomy":"post_tag","embeddable":true,"href":"https:\/\/www.keinblatt.de\/blog\/wp-json\/wp\/v2\/tags?post=132"}],"curies":[{"name":"wp","href":"https:\/\/api.w.org\/{rel}","templated":true}]}}