{"id":1290,"date":"2015-02-19T16:05:40","date_gmt":"2015-02-19T15:05:40","guid":{"rendered":"http:\/\/www.keinblatt.de\/blog\/?p=1290"},"modified":"2022-07-20T23:49:48","modified_gmt":"2022-07-20T21:49:48","slug":"strauss-setzt-seehofer-auf-facebook-blockierliste","status":"publish","type":"post","link":"https:\/\/www.keinblatt.de\/blog\/strauss-setzt-seehofer-auf-facebook-blockierliste\/","title":{"rendered":"Strau\u00df setzt Seehofer auf Facebook-Blockierliste"},"content":{"rendered":"<figure id=\"attachment_1115\" aria-describedby=\"caption-attachment-1115\" style=\"width: 247px\" class=\"wp-caption alignleft\"><a href=\"https:\/\/www.keinblatt.de\/blog\/wp-content\/uploads\/2014\/11\/Franz_Josef_Strau\u00df_1982.jpg\"><img loading=\"lazy\" decoding=\"async\" class=\"size-medium wp-image-1115\" src=\"https:\/\/www.keinblatt.de\/blog\/wp-content\/uploads\/2014\/11\/Franz_Josef_Strau\u00df_1982-247x300.jpg\" alt=\"Franz Josef Strau\u00df\" width=\"247\" height=\"300\" srcset=\"https:\/\/www.keinblatt.de\/blog\/wp-content\/uploads\/2014\/11\/Franz_Josef_Strau\u00df_1982-247x300.jpg 247w, https:\/\/www.keinblatt.de\/blog\/wp-content\/uploads\/2014\/11\/Franz_Josef_Strau\u00df_1982.jpg 495w\" sizes=\"auto, (max-width: 247px) 100vw, 247px\" \/><\/a><figcaption id=\"caption-attachment-1115\" class=\"wp-caption-text\">Franz Josef Strau\u00df (\u2020, fast 100): kontrolliert noch immer die christsoziale Arbeit, behauptet Horst Seehofer. Foto: <a href=\"https:\/\/commons.wikimedia.org\/wiki\/File:Franz_Josef_Strau%C3%9F_1982.jpg\" target=\"_blank\">Robert Ward<\/a> \/ Lizenz: Public Domain<\/figcaption><\/figure>\n<p>Der Schuss ging ja wohl nach hinten los. Gestern hatte der bayerische Ministerpr\u00e4sident und CSU-Vorsitzende Horst Seehofer noch get\u00f6nt, die CSU-Ikone Franz Josef Strau\u00df kontrolliere noch immer die christsoziale Arbeit. Ein Foto von Franz Josef Strau\u00df h\u00e4ngt in einem schweren Bilderrahmen \u00fcber seinem Schreibtisch und wacht \u00fcber Seehofers Arbeit. Seehofer sagte, <a href=\"https:\/\/www.spiegel.de\/politik\/deutschland\/politischer-aschermittwoch-horst-seehofer-waer-so-gern-wie-strauss-a-1019097.html\" target=\"_blank\" rel=\"noopener\">&#8222;W\u00e4re Strau\u00df auf Facebook, w\u00fcrde er immer &#8218;Gef\u00e4llt mir&#8216; dr\u00fccken&#8220;<\/a>.<\/p>\n<p>Doch ganz so zufrieden scheint der alte Strau\u00df nicht mit Seehofers Arbeit zu sein. Kurzerhand setzte er Seehofer auf die Facebook-Blockierliste. Sie k\u00f6nnen nun gegenseitig ihre Posts und Katzenfotos nicht mehr sehen.<\/p>\n<p>Nicht nur das: Auch neigte sich Strau\u00df&#8216; Foto aus unerfindlichen Gr\u00fcnden bedenklich und musste mithilfe einer Wasserwaage wieder in Position gebracht werden. Au\u00dferdem stank es auf einmal bestialisch in Seehofers Arbeitszimmer. &#8222;Den Gestank kriegen Sie selbst mit Dauerl\u00fcften kaum mehr raus&#8220;, sagte der sichtlich irritierte Seehofer. Der bayerische Landesvater hofft, dass sich das Verh\u00e4ltnis bis Strau\u00df\u2019 100. Geburtstag wieder einrenken werde. Die Blockierliste sei ja nichts f\u00fcr alle Ewigkeit, sagte Seehofer ehrfurchtsvoll. Um seinem Idol noch n\u00e4her zu sein, will Seehofer nun den K\u00fcnstlernamen &#8222;Strau\u00df-Seehofer&#8220; f\u00fchren. Dieser soll auch in seinen Personalausweis eingetragen werden.<\/p>\n","protected":false},"excerpt":{"rendered":"<p>Der Schuss ging ja wohl nach hinten los. Gestern hatte der bayerische Ministerpr\u00e4sident und CSU-Vorsitzende Horst Seehofer noch get\u00f6nt, die CSU-Ikone Franz Josef Strau\u00df kontrolliere noch immer die christsoziale Arbeit. Ein Foto von Franz Josef Strau\u00df h\u00e4ngt in einem schweren Bilderrahmen \u00fcber seinem Schreibtisch und wacht \u00fcber Seehofers Arbeit. Seehofer sagte, &#8222;W\u00e4re Strau\u00df auf Facebook, [&hellip;]<\/p>\n","protected":false},"author":1,"featured_media":0,"comment_status":"open","ping_status":"open","sticky":false,"template":"","format":"standard","meta":{"footnotes":""},"categories":[4,26,6],"tags":[800,45,254,802,240,801],"class_list":["post-1290","post","type-post","status-publish","format-standard","hentry","category-boulevard","category-braeuche","category-politik","tag-blockierliste","tag-facebook","tag-franz-josef-strauss","tag-gefaellt-mir","tag-horst-seehofer","tag-like"],"_links":{"self":[{"href":"https:\/\/www.keinblatt.de\/blog\/wp-json\/wp\/v2\/posts\/1290","targetHints":{"allow":["GET"]}}],"collection":[{"href":"https:\/\/www.keinblatt.de\/blog\/wp-json\/wp\/v2\/posts"}],"about":[{"href":"https:\/\/www.keinblatt.de\/blog\/wp-json\/wp\/v2\/types\/post"}],"author":[{"embeddable":true,"href":"https:\/\/www.keinblatt.de\/blog\/wp-json\/wp\/v2\/users\/1"}],"replies":[{"embeddable":true,"href":"https:\/\/www.keinblatt.de\/blog\/wp-json\/wp\/v2\/comments?post=1290"}],"version-history":[{"count":0,"href":"https:\/\/www.keinblatt.de\/blog\/wp-json\/wp\/v2\/posts\/1290\/revisions"}],"wp:attachment":[{"href":"https:\/\/www.keinblatt.de\/blog\/wp-json\/wp\/v2\/media?parent=1290"}],"wp:term":[{"taxonomy":"category","embeddable":true,"href":"https:\/\/www.keinblatt.de\/blog\/wp-json\/wp\/v2\/categories?post=1290"},{"taxonomy":"post_tag","embeddable":true,"href":"https:\/\/www.keinblatt.de\/blog\/wp-json\/wp\/v2\/tags?post=1290"}],"curies":[{"name":"wp","href":"https:\/\/api.w.org\/{rel}","templated":true}]}}