{"id":1271,"date":"2015-02-12T20:56:19","date_gmt":"2015-02-12T19:56:19","guid":{"rendered":"http:\/\/www.keinblatt.de\/blog\/?p=1271"},"modified":"2019-10-13T11:31:11","modified_gmt":"2019-10-13T09:31:11","slug":"papst-bezeichnet-gewollte-kinderlosigkeit-als-egoistisch-und-bringt-nonnen-und-pfarrer-gegen-sich-auf","status":"publish","type":"post","link":"https:\/\/www.keinblatt.de\/blog\/papst-bezeichnet-gewollte-kinderlosigkeit-als-egoistisch-und-bringt-nonnen-und-pfarrer-gegen-sich-auf\/","title":{"rendered":"Papst bezeichnet gewollte Kinderlosigkeit als &#8222;egoistisch&#8220; \u2013 und bringt Nonnen und Pfarrer gegen sich auf"},"content":{"rendered":"<figure id=\"attachment_1272\" aria-describedby=\"caption-attachment-1272\" style=\"width: 330px\" class=\"wp-caption alignleft\"><img loading=\"lazy\" decoding=\"async\" class=\"size-full wp-image-1272\" src=\"https:\/\/www.keinblatt.de\/blog\/wp-content\/uploads\/2015\/02\/Francis_2013.jpg\" alt=\"Papst Franziskus\" width=\"330\" height=\"433\" srcset=\"https:\/\/www.keinblatt.de\/blog\/wp-content\/uploads\/2015\/02\/Francis_2013.jpg 330w, https:\/\/www.keinblatt.de\/blog\/wp-content\/uploads\/2015\/02\/Francis_2013-229x300.jpg 229w\" sizes=\"auto, (max-width: 330px) 100vw, 330px\" \/><figcaption id=\"caption-attachment-1272\" class=\"wp-caption-text\">Papst Franziskus: &#8222;Kinder verj\u00fcngen das Leben und stiften Energie&#8220; \u2013 Foto: <a href=\"https:\/\/commons.wikimedia.org\/wiki\/File:Francis_2013.jpg\" target=\"_blank\"> Casa Rosada<\/a> \/ Lizenz: <a href=\"https:\/\/creativecommons.org\/licenses\/by-sa\/2.0\/deed.en\" target=\"_blank\">CC BY-SA 2.0<\/a><\/figcaption><\/figure>\n<p>Der Papst hat wieder zugeschlagen. Nachdem der Heilige Vater die k\u00f6rperliche Z\u00fcchtigung von Kindern als Erziehungsmethode nicht g\u00e4nzlich ablehnte und damit f\u00fcr Aufsehen gesorgt hatte, legte Papst Franziskus heute mit einer weiteren Erkenntnis nach. <a href=\"https:\/\/www.focus.de\/familie\/news\/kinder-verjuengen-das-leben-papst-wer-keine-kinder-will-ist-egoistisch_id_4471784.html\" target=\"_blank\" rel=\"noopener noreferrer\">Er sagte bei seiner w\u00f6chentlichen Generalaudienz: &#8222;Keine Kinder zu haben, ist eine egoistische Wahl, mit Kindern verj\u00fcngt sich das Leben und man bekommt Energie&#8220;<\/a>. Der Papst gei\u00dfelte verschiedene Gesellschaften, in denen Kinder als Last angesehen w\u00fcrden.<\/p>\n<p>W\u00e4hrend die meisten Christen die \u00c4u\u00dferung von Franziskus erleichtert aufgenommen hatten und mit lustvollem St\u00f6hnen begannen, die Familienplanung voranzutreiben, sind unz\u00e4hlige M\u00f6nche, Nonnen und katholische Pfarrer in Tr\u00e4nen ausgebrochen. Schlie\u00dflich haben sie sich mit ihrem Lebensmodell gegen Kinder entschieden. Schwester Maria, Nonne im K\u00f6lner Franziskanerkloster, die hin und wieder in den Talkshows der Republik sitzt und ihre Moralvorstellungen kundtut, ist stinksauer. &#8222;Das treibt mir die Wuttr\u00e4nen in die Augen&#8220;, sagt Schwester Maria. Sie habe gedacht, sie w\u00fcrde mit ihrer Arbeit Gott und den Menschen dienen. Das sei doch absolut selbstlos und gerade nicht egoistisch. Wenn der Papst recht habe, so Schwester Maria, dann sei der Knabe selbst der gr\u00f6\u00dfte Egoist \u00fcberhaupt.<\/p>\n<div><\/div>\n","protected":false},"excerpt":{"rendered":"<p>Der Papst hat wieder zugeschlagen. Nachdem der Heilige Vater die k\u00f6rperliche Z\u00fcchtigung von Kindern als Erziehungsmethode nicht g\u00e4nzlich ablehnte und damit f\u00fcr Aufsehen gesorgt hatte, legte Papst Franziskus heute mit einer weiteren Erkenntnis nach. Er sagte bei seiner w\u00f6chentlichen Generalaudienz: &#8222;Keine Kinder zu haben, ist eine egoistische Wahl, mit Kindern verj\u00fcngt sich das Leben und [&hellip;]<\/p>\n","protected":false},"author":1,"featured_media":0,"comment_status":"open","ping_status":"open","sticky":false,"template":"","format":"standard","meta":{"footnotes":""},"categories":[2,11],"tags":[151,673,674,150,675],"class_list":["post-1271","post","type-post","status-publish","format-standard","hentry","category-gesellschaftliches","category-religion","tag-franziskus","tag-kinderlosigkeit","tag-nonnen","tag-papst","tag-pfarrer"],"_links":{"self":[{"href":"https:\/\/www.keinblatt.de\/blog\/wp-json\/wp\/v2\/posts\/1271","targetHints":{"allow":["GET"]}}],"collection":[{"href":"https:\/\/www.keinblatt.de\/blog\/wp-json\/wp\/v2\/posts"}],"about":[{"href":"https:\/\/www.keinblatt.de\/blog\/wp-json\/wp\/v2\/types\/post"}],"author":[{"embeddable":true,"href":"https:\/\/www.keinblatt.de\/blog\/wp-json\/wp\/v2\/users\/1"}],"replies":[{"embeddable":true,"href":"https:\/\/www.keinblatt.de\/blog\/wp-json\/wp\/v2\/comments?post=1271"}],"version-history":[{"count":0,"href":"https:\/\/www.keinblatt.de\/blog\/wp-json\/wp\/v2\/posts\/1271\/revisions"}],"wp:attachment":[{"href":"https:\/\/www.keinblatt.de\/blog\/wp-json\/wp\/v2\/media?parent=1271"}],"wp:term":[{"taxonomy":"category","embeddable":true,"href":"https:\/\/www.keinblatt.de\/blog\/wp-json\/wp\/v2\/categories?post=1271"},{"taxonomy":"post_tag","embeddable":true,"href":"https:\/\/www.keinblatt.de\/blog\/wp-json\/wp\/v2\/tags?post=1271"}],"curies":[{"name":"wp","href":"https:\/\/api.w.org\/{rel}","templated":true}]}}