{"id":1262,"date":"2015-02-11T19:19:23","date_gmt":"2015-02-11T18:19:23","guid":{"rendered":"http:\/\/www.keinblatt.de\/blog\/?p=1262"},"modified":"2015-04-15T18:22:49","modified_gmt":"2015-04-15T16:22:49","slug":"von-wegen-schnell-vergessen-saechsin-34-erinnert-sich-an-pegida-demos","status":"publish","type":"post","link":"https:\/\/www.keinblatt.de\/blog\/von-wegen-schnell-vergessen-saechsin-34-erinnert-sich-an-pegida-demos\/","title":{"rendered":"Von wegen &#8222;schnell vergessen&#8220; \u2013 S\u00e4chsin (34) erinnert sich an Pegida-Demos!"},"content":{"rendered":"<figure id=\"attachment_1193\" aria-describedby=\"caption-attachment-1193\" style=\"width: 647px\" class=\"wp-caption alignnone\"><img loading=\"lazy\" decoding=\"async\" class=\"size-full wp-image-1193\" src=\"https:\/\/www.keinblatt.de\/blog\/wp-content\/uploads\/2015\/01\/Pegida.jpg\" alt=\"Pegida\" width=\"647\" height=\"243\" srcset=\"https:\/\/www.keinblatt.de\/blog\/wp-content\/uploads\/2015\/01\/Pegida.jpg 647w, https:\/\/www.keinblatt.de\/blog\/wp-content\/uploads\/2015\/01\/Pegida-300x113.jpg 300w\" sizes=\"auto, (max-width: 647px) 100vw, 647px\" \/><figcaption id=\"caption-attachment-1193\" class=\"wp-caption-text\">&#8222;Pegida&#8220;-Logo Lizenz: gemein(frei)<\/figcaption><\/figure>\n<p>In unserer schnelllebigen Zeit ger\u00e4t vieles schnell in Vergessenheit. Trends kommen und gehen. Auch werden Probleme schon einmal erfunden, um sie zu l\u00f6sen. Scheitert dann die L\u00f6sung, weil das Problem gar nicht existiert, reicht es oft nicht einmal f\u00fcr die Geschichtsb\u00fccher.<\/p>\n<p>So ein Fall sind die w\u00f6chentlichen Pegida-Demonstrationen in Dresden mit unz\u00e4hligen Ablagern und Gegenbewegungen bis nach Saudi-Arabien. In den Demos wurde vor der Islamisierung des Abendlandes und vor einem drohenden Kalifat gewarnt, in den Gegenbewegungen vor zu viel Schwarz-Wei\u00df, (&#8222;\u2026 ist bunt!&#8220;), vor einer Christianisierung des Morgenlandes und vor einem wei\u00dfen Hassprediger (&#8222;Kinder schlagen ist ganz gut, wenn nur das Kind, aber nicht seine W\u00fcrde verletzt wird&#8220;). Vor allem sch\u00fcrte Pegida die Angst vor einem Alkoholverbot nach islamischem Vorbild. Sich nicht mehr die Leber kaputt saufen zu d\u00fcrfen, w\u00e4re eine zu gro\u00dfe Einschr\u00e4nkung, hie\u00df es. Ein Fastenmonat w\u00e4re auch nicht so toll, denn was isst man dann tags\u00fcber? Nur K\u00f6rperstrafen nach islamistischem Vorbild wurden als weniger bedrohlich angesehen. Im Proletariat werden diese in der Erziehung heute schon angewendet, denn es muss ja nicht alles schlecht sein, was aus dem Osten (damit ist jetzt nicht die Zone gemeint) kommt.<\/p>\n<p>Aber das alles ist Vergangenheit. Umso erstaunlicher ist die Geschichte von Maria C. (34) aus Dresden, die nicht gezeigt werden will. Obwohl auch sie t\u00e4glich unz\u00e4hligen Ereignissen ausgesetzt ist, welche die Hektik des Alltags bestimmen, erinnert sich Maria noch genau an die gro\u00dfen Pegida-Demonstrationen mit fast 20.000 Teilnehmern. Maria sagt: &#8222;Es ist sicher nicht so, als w\u00e4re es gestern gewesen. Aber es ist noch so frisch, als w\u00e4ren wir vor ein, zwei Wochen marschiert und h\u00e4tten vor der Islamisierung gewarnt. Kopft\u00fccher, Burkas, D\u00f6ner, Moscheen und so was. Es wirkt noch so nah. Aber das t\u00e4uscht. Die Bewegung kommt auch nicht mehr zur\u00fcck. Das kannst du vergessen!&#8220;<img loading=\"lazy\" decoding=\"async\" class=\"vg\" src=\"https:\/\/ssl-vg03.met.vgwort.de\/na\/5b25ab48627c4fee8aea9752d1f3e08e\" alt=\"\" width=\"1\" height=\"1\" \/><\/p>\n","protected":false},"excerpt":{"rendered":"<p>In unserer schnelllebigen Zeit ger\u00e4t vieles schnell in Vergessenheit. Trends kommen und gehen. Auch werden Probleme schon einmal erfunden, um sie zu l\u00f6sen. Scheitert dann die L\u00f6sung, weil das Problem gar nicht existiert, reicht es oft nicht einmal f\u00fcr die Geschichtsb\u00fccher. So ein Fall sind die w\u00f6chentlichen Pegida-Demonstrationen in Dresden mit unz\u00e4hligen Ablagern und Gegenbewegungen [&hellip;]<\/p>\n","protected":false},"author":1,"featured_media":0,"comment_status":"open","ping_status":"open","sticky":false,"template":"","format":"standard","meta":{"footnotes":""},"categories":[2,6,11],"tags":[707,709,201],"class_list":["post-1262","post","type-post","status-publish","format-standard","hentry","category-gesellschaftliches","category-politik","category-religion","tag-demonstrationen","tag-islamisierung","tag-pegida"],"_links":{"self":[{"href":"https:\/\/www.keinblatt.de\/blog\/wp-json\/wp\/v2\/posts\/1262","targetHints":{"allow":["GET"]}}],"collection":[{"href":"https:\/\/www.keinblatt.de\/blog\/wp-json\/wp\/v2\/posts"}],"about":[{"href":"https:\/\/www.keinblatt.de\/blog\/wp-json\/wp\/v2\/types\/post"}],"author":[{"embeddable":true,"href":"https:\/\/www.keinblatt.de\/blog\/wp-json\/wp\/v2\/users\/1"}],"replies":[{"embeddable":true,"href":"https:\/\/www.keinblatt.de\/blog\/wp-json\/wp\/v2\/comments?post=1262"}],"version-history":[{"count":0,"href":"https:\/\/www.keinblatt.de\/blog\/wp-json\/wp\/v2\/posts\/1262\/revisions"}],"wp:attachment":[{"href":"https:\/\/www.keinblatt.de\/blog\/wp-json\/wp\/v2\/media?parent=1262"}],"wp:term":[{"taxonomy":"category","embeddable":true,"href":"https:\/\/www.keinblatt.de\/blog\/wp-json\/wp\/v2\/categories?post=1262"},{"taxonomy":"post_tag","embeddable":true,"href":"https:\/\/www.keinblatt.de\/blog\/wp-json\/wp\/v2\/tags?post=1262"}],"curies":[{"name":"wp","href":"https:\/\/api.w.org\/{rel}","templated":true}]}}