{"id":1218,"date":"2015-01-26T12:30:13","date_gmt":"2015-01-26T11:30:13","guid":{"rendered":"http:\/\/www.keinblatt.de\/blog\/?p=1218"},"modified":"2015-06-10T16:39:41","modified_gmt":"2015-06-10T14:39:41","slug":"aus-veraergerung-wegen-griechen-linksruck-bayern-schreibt-sich-wieder-mit-i","status":"publish","type":"post","link":"https:\/\/www.keinblatt.de\/blog\/aus-veraergerung-wegen-griechen-linksruck-bayern-schreibt-sich-wieder-mit-i\/","title":{"rendered":"Aus Ver\u00e4rgerung wegen Griechen-Linksruck: &#8222;Bayern&#8220; schreibt sich wieder mit &#8222;i&#8220;"},"content":{"rendered":"<figure id=\"attachment_1219\" aria-describedby=\"caption-attachment-1219\" style=\"width: 470px\" class=\"wp-caption alignnone\"><img loading=\"lazy\" decoding=\"async\" class=\"size-full wp-image-1219\" src=\"https:\/\/www.keinblatt.de\/blog\/wp-content\/uploads\/2015\/01\/Baiern.jpg\" alt=\"Baiern\" width=\"470\" height=\"650\" srcset=\"https:\/\/www.keinblatt.de\/blog\/wp-content\/uploads\/2015\/01\/Baiern.jpg 470w, https:\/\/www.keinblatt.de\/blog\/wp-content\/uploads\/2015\/01\/Baiern-217x300.jpg 217w\" sizes=\"auto, (max-width: 470px) 100vw, 470px\" \/><figcaption id=\"caption-attachment-1219\" class=\"wp-caption-text\">Staatsgrenze zu Bayern auf der Zugspitze. Diese Korrektur wird hier wohl bald ausgef\u00fchrt werden. Foto: <a href=\"https:\/\/commons.wikimedia.org\/wiki\/File:250610_Sign_on_Zugspitze_04.JPG\" target=\"_blank\">BKP<\/a>, bearbeitet durch keinblatt.de \/ Lizenz: <a href=\"https:\/\/creativecommons.org\/licenses\/by-sa\/3.0\/deed.en\" target=\"_blank\">CC BY-SA 3.0<\/a><\/figcaption><\/figure>\n<p>Seit 1825 schreibt sich &#8222;Bayern&#8220; offiziell mit &#8222;y&#8220;. Die Schreibweise mit Ypsilon, also mit einem griechischen Buchstaben, geht auf die Liebe des bayerischen K\u00f6nigs Ludwig I. zu Griechenland zur\u00fcck. Er ordnete an, dass die bisherige Schreibweise &#8222;Baiern&#8220; durch &#8222;Bayern&#8220; abgel\u00f6st wird. Nur wenn die Sprache gemeint ist, wird noch das &#8222;i&#8220; gesetzt: die &#8222;bairische Sprache&#8220;.<\/p>\n<p>Nach dem gestrigen Erdrutschsieg des Griechen Alexis Tsipras mit seinem als linksradikal geltenden Wahlb\u00fcndnis Syriza sind viele Politiker nicht nur in Europa in Sorge, dass Griechenland seine Sparanstrengungen zur\u00fcckschrauben und seine Reformen nicht mehr vorantreiben k\u00f6nnte. Vielfach wurde schon damit gedroht, dass Griechenland aus dem Euro fliegen k\u00f6nnte (Grexit), falls der Reformwile nachlasse und Verpflichtungen nicht eingehalten w\u00fcrden. In Griechenland will die \u00fcberragende Mehrheit den stabilen Euro behalten.<\/p>\n<h3>Bayern reagiert und schreibt sich wieder mit &#8222;i&#8220;<\/h3>\n<p>In Bayern hat der griechische Linksruck schon zu Konsequenzen gef\u00fchrt: &#8222;Das ist also der Dank!&#8220;, polterte Bayerns Ministerpr\u00e4sident Horst Seehofer (CSU), &#8222;Jetzt sind in Griechenland ausgerechnet die Linken an der Macht, wo wir, die CSU, doch so sch\u00f6n rechts sind&#8220;, so Seehofer. &#8222;Ich und das Kabinett haben daher beschlossen, dass wir Bayern wieder mit &#8218;i&#8216; schreiben: Baiern.&#8220;<\/p>\n<p>Der bairische Landtag muss dem Vorhaben noch zustimmen, was aber in Baiern als reine Formsache gilt. Das bedeutet aber keinesfalls, dass sofort und \u00fcberall das &#8222;y&#8220; verschwindet.<\/p>\n<p>&#8222;Wir werden nicht von heute auf morgen umstellen, sondern nur, wenn etwas nachgedruckt wird. Also wenn ich neue Visitenkarte drucken lassen, weil die alten aus sind, dann wird das korrigiert. Ich schmei\u00dfe doch keine Tonnen Visitenkarten und Briefpapier weg&#8220;, f\u00fchrt der bairische Ministerpr\u00e4sident aus. &#8222;Wir Baiern k\u00f6nnen mit Geld umgehen, andere k\u00f6nnen es nicht&#8220;, so Seehofer mit starker Betonung auf dem &#8222;wir&#8220;.<img loading=\"lazy\" decoding=\"async\" class=\"vg\" src=\"https:\/\/ssl-vg03.met.vgwort.de\/na\/47a18ebd80d04068b15f435a5d1afe5f\" alt=\"\" width=\"1\" height=\"1\" \/><\/p>\n","protected":false},"excerpt":{"rendered":"<p>Seit 1825 schreibt sich &#8222;Bayern&#8220; offiziell mit &#8222;y&#8220;. Die Schreibweise mit Ypsilon, also mit einem griechischen Buchstaben, geht auf die Liebe des bayerischen K\u00f6nigs Ludwig I. zu Griechenland zur\u00fcck. Er ordnete an, dass die bisherige Schreibweise &#8222;Baiern&#8220; durch &#8222;Bayern&#8220; abgel\u00f6st wird. Nur wenn die Sprache gemeint ist, wird noch das &#8222;i&#8220; gesetzt: die &#8222;bairische Sprache&#8220;. [&hellip;]<\/p>\n","protected":false},"author":1,"featured_media":0,"comment_status":"open","ping_status":"open","sticky":false,"template":"","format":"standard","meta":{"footnotes":""},"categories":[26,24,23,6,20],"tags":[62,266,278,61,63,64,60,240],"class_list":["post-1218","post","type-post","status-publish","format-standard","hentry","category-braeuche","category-finanzen","category-historisches","category-politik","category-sprachliches","tag-alexis-tsipras","tag-bayern","tag-euro","tag-eurokrise","tag-finanzkrise","tag-grexit","tag-griechenland","tag-horst-seehofer"],"_links":{"self":[{"href":"https:\/\/www.keinblatt.de\/blog\/wp-json\/wp\/v2\/posts\/1218","targetHints":{"allow":["GET"]}}],"collection":[{"href":"https:\/\/www.keinblatt.de\/blog\/wp-json\/wp\/v2\/posts"}],"about":[{"href":"https:\/\/www.keinblatt.de\/blog\/wp-json\/wp\/v2\/types\/post"}],"author":[{"embeddable":true,"href":"https:\/\/www.keinblatt.de\/blog\/wp-json\/wp\/v2\/users\/1"}],"replies":[{"embeddable":true,"href":"https:\/\/www.keinblatt.de\/blog\/wp-json\/wp\/v2\/comments?post=1218"}],"version-history":[{"count":0,"href":"https:\/\/www.keinblatt.de\/blog\/wp-json\/wp\/v2\/posts\/1218\/revisions"}],"wp:attachment":[{"href":"https:\/\/www.keinblatt.de\/blog\/wp-json\/wp\/v2\/media?parent=1218"}],"wp:term":[{"taxonomy":"category","embeddable":true,"href":"https:\/\/www.keinblatt.de\/blog\/wp-json\/wp\/v2\/categories?post=1218"},{"taxonomy":"post_tag","embeddable":true,"href":"https:\/\/www.keinblatt.de\/blog\/wp-json\/wp\/v2\/tags?post=1218"}],"curies":[{"name":"wp","href":"https:\/\/api.w.org\/{rel}","templated":true}]}}