{"id":1213,"date":"2015-01-22T22:26:40","date_gmt":"2015-01-22T21:26:40","guid":{"rendered":"http:\/\/www.keinblatt.de\/blog\/?p=1213"},"modified":"2015-12-18T21:59:47","modified_gmt":"2015-12-18T20:59:47","slug":"nur-noch-frauennamen-zugelassen-stadt-ehrt-udo-juergens-mit-udine-juergens-strasse","status":"publish","type":"post","link":"https:\/\/www.keinblatt.de\/blog\/nur-noch-frauennamen-zugelassen-stadt-ehrt-udo-juergens-mit-udine-juergens-strasse\/","title":{"rendered":"Nur noch Frauennamen zugelassen: Stadt ehrt Udo J\u00fcrgens mit &#8222;Udine-J\u00fcrgens-Stra\u00dfe&#8220;"},"content":{"rendered":"<figure id=\"attachment_1215\" aria-describedby=\"caption-attachment-1215\" style=\"width: 640px\" class=\"wp-caption alignnone\"><img loading=\"lazy\" decoding=\"async\" class=\"size-full wp-image-1215\" src=\"https:\/\/www.keinblatt.de\/blog\/wp-content\/uploads\/2015\/01\/Udo_J\u00fcrgens_-_Der_Soloabend_2010_08.jpg\" alt=\"Udo J\u00fcrgens\" width=\"640\" height=\"427\" srcset=\"https:\/\/www.keinblatt.de\/blog\/wp-content\/uploads\/2015\/01\/Udo_J\u00fcrgens_-_Der_Soloabend_2010_08.jpg 640w, https:\/\/www.keinblatt.de\/blog\/wp-content\/uploads\/2015\/01\/Udo_J\u00fcrgens_-_Der_Soloabend_2010_08-300x200.jpg 300w\" sizes=\"auto, (max-width: 640px) 100vw, 640px\" \/><figcaption id=\"caption-attachment-1215\" class=\"wp-caption-text\">Udo J\u00fcrgens am schwarzen Schimmel. Die Frauenquote geht vor, auch bei einem sehr gro\u00dfen K\u00fcnstler. Foto: <a href=\"https:\/\/commons.wikimedia.org\/wiki\/File:Udo_J%C3%BCrgens_-_Der_Soloabend_2010_%2808%29.jpg\" target=\"_blank\">Steindy<\/a> \/ Lizenz: <a href=\"https:\/\/creativecommons.org\/licenses\/by-sa\/3.0\/deed.en\" target=\"_blank\">CC BY-SA 3.0<\/a><\/figcaption><\/figure>\n<p>Es ist eine peinliche Provinzposse. In unz\u00e4hligen deutschen Kommunen gibt es die sogenannte &#8222;Verordnung zur geb\u00fchrenden Ber\u00fccksichtigung von Frauen bei der Benennung von Stra\u00dfen und Pl\u00e4tzen&#8220;. Neue Stra\u00dfen d\u00fcrfen dabei ausschlie\u00dflich nach prominenten Frauen benannt werden, und zwar so lange, bis Gleichstand herrscht zwischen beiden Geschlechtern. Ab diesem Zeitpunkt gilt dann eine Quote von 50:50.<\/p>\n<h3>&#8222;Udine-J\u00fcrgens-Stra\u00dfe&#8220; erf\u00fcllt die Kriterien<\/h3>\n<p>In einem Neubaugebiet in der hessischen Kleinstadt Hasenberg wollte man mit der Ehrung des tragischerweise verstorbenen K\u00fcnstlers Udo J\u00fcrgens nicht so lange warten. B\u00fcrgermeister Frank Freese (CDU), selbst Udo-J\u00fcrgens-Fan, biss aber in der Gemeinderatssitzung auf Granit. Zwar erlaubt die Satzung bei herausragenden Pers\u00f6nlichkeiten Ausnahmen. Mit der entsprechenden Begr\u00fcndung kann also eine Stra\u00dfe ausnahmsweise doch einen m\u00e4nnlichen Namensgeber erhalten. Doch der Gemeinderat wollte dem nicht zustimmen, obwohl Udo J\u00fcrgens der wohl bekannteste und erfolgreichste Musiker im deutschsprachigen Raum war. Nun hat man sich auf einen Kompromiss geeinigt. Die Stra\u00dfe wird &#8222;Udine-J\u00fcrgens-Stra\u00dfe&#8220; hei\u00dfen. Kurzerhand entschied man sich also f\u00fcr die weibliche \u00c4quivalente von &#8222;Udo&#8220;.<\/p>\n<p>Damit keiner zweifelt, dass wirklich Udo J\u00fcrgens geehrt wird, soll am Stra\u00dfenanfang unterhalb des Stra\u00dfenschildes eine Hinweistafel mit einer kurzen Biographie der K\u00fcnstlerin (sic!) angebracht werden, auf der auch einige ihrer gr\u00f6\u00dften Hits (&#8222;Tante Emma&#8220;, &#8222;Griechischer Wein&#8220;, &#8222;Aber bitte mit Sahne&#8220; \u2026) erw\u00e4hnt werden sollen.<\/p>\n<p>Udo J\u00fcrgens war am 21. Dezember 2014 pl\u00f6tzlich verstorben. Er wurde 80 Jahre alt.<img loading=\"lazy\" decoding=\"async\" class=\"vg\" src=\"https:\/\/ssl-vg03.met.vgwort.de\/na\/fcc7801358904340b96b771803c4a229\" alt=\"\" width=\"1\" height=\"1\" \/><\/p>\n","protected":false},"excerpt":{"rendered":"<p>Es ist eine peinliche Provinzposse. In unz\u00e4hligen deutschen Kommunen gibt es die sogenannte &#8222;Verordnung zur geb\u00fchrenden Ber\u00fccksichtigung von Frauen bei der Benennung von Stra\u00dfen und Pl\u00e4tzen&#8220;. Neue Stra\u00dfen d\u00fcrfen dabei ausschlie\u00dflich nach prominenten Frauen benannt werden, und zwar so lange, bis Gleichstand herrscht zwischen beiden Geschlechtern. Ab diesem Zeitpunkt gilt dann eine Quote von 50:50. [&hellip;]<\/p>\n","protected":false},"author":1,"featured_media":0,"comment_status":"open","ping_status":"open","sticky":false,"template":"","format":"standard","meta":{"footnotes":""},"categories":[26,2,19,6],"tags":[131,166,776],"class_list":["post-1213","post","type-post","status-publish","format-standard","hentry","category-braeuche","category-gesellschaftliches","category-kunst-kultur","category-politik","tag-frauenquote","tag-gendern","tag-udo-juergens"],"_links":{"self":[{"href":"https:\/\/www.keinblatt.de\/blog\/wp-json\/wp\/v2\/posts\/1213","targetHints":{"allow":["GET"]}}],"collection":[{"href":"https:\/\/www.keinblatt.de\/blog\/wp-json\/wp\/v2\/posts"}],"about":[{"href":"https:\/\/www.keinblatt.de\/blog\/wp-json\/wp\/v2\/types\/post"}],"author":[{"embeddable":true,"href":"https:\/\/www.keinblatt.de\/blog\/wp-json\/wp\/v2\/users\/1"}],"replies":[{"embeddable":true,"href":"https:\/\/www.keinblatt.de\/blog\/wp-json\/wp\/v2\/comments?post=1213"}],"version-history":[{"count":0,"href":"https:\/\/www.keinblatt.de\/blog\/wp-json\/wp\/v2\/posts\/1213\/revisions"}],"wp:attachment":[{"href":"https:\/\/www.keinblatt.de\/blog\/wp-json\/wp\/v2\/media?parent=1213"}],"wp:term":[{"taxonomy":"category","embeddable":true,"href":"https:\/\/www.keinblatt.de\/blog\/wp-json\/wp\/v2\/categories?post=1213"},{"taxonomy":"post_tag","embeddable":true,"href":"https:\/\/www.keinblatt.de\/blog\/wp-json\/wp\/v2\/tags?post=1213"}],"curies":[{"name":"wp","href":"https:\/\/api.w.org\/{rel}","templated":true}]}}