{"id":1208,"date":"2015-01-21T14:31:46","date_gmt":"2015-01-21T13:31:46","guid":{"rendered":"http:\/\/www.keinblatt.de\/blog\/?p=1208"},"modified":"2015-04-07T20:41:21","modified_gmt":"2015-04-07T18:41:21","slug":"fdp-lindner-mit-uns-wird-es-kein-verschluesselungsverbot-geben","status":"publish","type":"post","link":"https:\/\/www.keinblatt.de\/blog\/fdp-lindner-mit-uns-wird-es-kein-verschluesselungsverbot-geben\/","title":{"rendered":"FDP-Lindner: Mit uns wird es kein Verschl\u00fcsselungsverbot geben"},"content":{"rendered":"<figure id=\"attachment_1209\" aria-describedby=\"caption-attachment-1209\" style=\"width: 640px\" class=\"wp-caption alignnone\"><img loading=\"lazy\" decoding=\"async\" class=\"size-full wp-image-1209\" src=\"https:\/\/www.keinblatt.de\/blog\/wp-content\/uploads\/2015\/01\/2688ri_-Christian_Lindner_FDP.jpg\" alt=\"Christian Lindner\" width=\"640\" height=\"425\" srcset=\"https:\/\/www.keinblatt.de\/blog\/wp-content\/uploads\/2015\/01\/2688ri_-Christian_Lindner_FDP.jpg 640w, https:\/\/www.keinblatt.de\/blog\/wp-content\/uploads\/2015\/01\/2688ri_-Christian_Lindner_FDP-300x199.jpg 300w\" sizes=\"auto, (max-width: 640px) 100vw, 640px\" \/><figcaption id=\"caption-attachment-1209\" class=\"wp-caption-text\">Christian Lindner (FDP): Mit uns kein Verschl\u00fcsselungsverbot! Foto: <a href=\"https:\/\/commons.wikimedia.org\/wiki\/File:2688ri_-Christian_Lindner,_FDP.jpg\" target=\"_blank\">Gerd Seidel<\/a> \/ Lizenz: <a href=\"https:\/\/creativecommons.org\/licenses\/by-sa\/3.0\/deed.en\" target=\"_blank\">CC BY-SA 3.0<\/a><\/figcaption><\/figure>\n<p><a href=\"https:\/\/www.computerbase.de\/2015-01\/de-maiziere-verschluesselung-muss-umgehbar-sein\/\" target=\"_blank\">Bundesinnenminister Thomas de Maizi\u00e8re (CDU) will verschl\u00fcsselte Kommunikation stark einschr\u00e4nken. <\/a>Demnach soll es unter Strafe gestellt werden, wenn B\u00fcrger Werkzeuge einsetzen, die keine Hintert\u00fcre f\u00fcr die Geheimdienste offenlassen. Faktisch l\u00e4uft dies auf ein Verbot einer echten bzw. sicheren Verschl\u00fcsselung hinaus.<\/p>\n<p>FPD-Boss Christian Lindner beruhigt indes die B\u00fcrger. Mit der FDP werde es kein Verschl\u00fcsselungsverbot geben, er werde einem solchen Verbot nie zustimmen, so Lindner.<\/p>\n","protected":false},"excerpt":{"rendered":"<p>Bundesinnenminister Thomas de Maizi\u00e8re (CDU) will verschl\u00fcsselte Kommunikation stark einschr\u00e4nken. Demnach soll es unter Strafe gestellt werden, wenn B\u00fcrger Werkzeuge einsetzen, die keine Hintert\u00fcre f\u00fcr die Geheimdienste offenlassen. Faktisch l\u00e4uft dies auf ein Verbot einer echten bzw. sicheren Verschl\u00fcsselung hinaus. FPD-Boss Christian Lindner beruhigt indes die B\u00fcrger. Mit der FDP werde es kein Verschl\u00fcsselungsverbot geben, [&hellip;]<\/p>\n","protected":false},"author":1,"featured_media":0,"comment_status":"open","ping_status":"open","sticky":false,"template":"","format":"standard","meta":{"footnotes":""},"categories":[7,6,17],"tags":[181,249,250,251],"class_list":["post-1208","post","type-post","status-publish","format-standard","hentry","category-kriminalitat","category-politik","category-technik","tag-christian-lindner","tag-fdp","tag-thomas-de-maiziere","tag-verschluesselung"],"_links":{"self":[{"href":"https:\/\/www.keinblatt.de\/blog\/wp-json\/wp\/v2\/posts\/1208","targetHints":{"allow":["GET"]}}],"collection":[{"href":"https:\/\/www.keinblatt.de\/blog\/wp-json\/wp\/v2\/posts"}],"about":[{"href":"https:\/\/www.keinblatt.de\/blog\/wp-json\/wp\/v2\/types\/post"}],"author":[{"embeddable":true,"href":"https:\/\/www.keinblatt.de\/blog\/wp-json\/wp\/v2\/users\/1"}],"replies":[{"embeddable":true,"href":"https:\/\/www.keinblatt.de\/blog\/wp-json\/wp\/v2\/comments?post=1208"}],"version-history":[{"count":0,"href":"https:\/\/www.keinblatt.de\/blog\/wp-json\/wp\/v2\/posts\/1208\/revisions"}],"wp:attachment":[{"href":"https:\/\/www.keinblatt.de\/blog\/wp-json\/wp\/v2\/media?parent=1208"}],"wp:term":[{"taxonomy":"category","embeddable":true,"href":"https:\/\/www.keinblatt.de\/blog\/wp-json\/wp\/v2\/categories?post=1208"},{"taxonomy":"post_tag","embeddable":true,"href":"https:\/\/www.keinblatt.de\/blog\/wp-json\/wp\/v2\/tags?post=1208"}],"curies":[{"name":"wp","href":"https:\/\/api.w.org\/{rel}","templated":true}]}}