{"id":1204,"date":"2015-01-20T15:40:58","date_gmt":"2015-01-20T14:40:58","guid":{"rendered":"http:\/\/www.keinblatt.de\/blog\/?p=1204"},"modified":"2015-05-02T22:10:23","modified_gmt":"2015-05-02T20:10:23","slug":"fuehrer-gegen-islamisierung-des-arierlandes-fuegida","status":"publish","type":"post","link":"https:\/\/www.keinblatt.de\/blog\/fuehrer-gegen-islamisierung-des-arierlandes-fuegida\/","title":{"rendered":"F\u00fchrer gegen Islamisierung des Arierlandes (F\u00dcGIDA)"},"content":{"rendered":"<figure id=\"attachment_896\" aria-describedby=\"caption-attachment-896\" style=\"width: 189px\" class=\"wp-caption alignleft\"><a href=\"https:\/\/www.keinblatt.de\/blog\/wp-content\/uploads\/2014\/07\/Bundesarchiv_Bild_183-S33882_Adolf_Hitler_retouched.jpg\"><img loading=\"lazy\" decoding=\"async\" class=\"size-medium wp-image-896\" src=\"https:\/\/www.keinblatt.de\/blog\/wp-content\/uploads\/2014\/07\/Bundesarchiv_Bild_183-S33882_Adolf_Hitler_retouched-189x300.jpg\" alt=\"Adolf Nazi\" width=\"189\" height=\"300\" srcset=\"https:\/\/www.keinblatt.de\/blog\/wp-content\/uploads\/2014\/07\/Bundesarchiv_Bild_183-S33882_Adolf_Hitler_retouched-189x300.jpg 189w, https:\/\/www.keinblatt.de\/blog\/wp-content\/uploads\/2014\/07\/Bundesarchiv_Bild_183-S33882_Adolf_Hitler_retouched.jpg 505w\" sizes=\"auto, (max-width: 189px) 100vw, 189px\" \/><\/a><figcaption id=\"caption-attachment-896\" class=\"wp-caption-text\">Adolf Nazi: Keine Islamisierung des Arierlandes! Foto: <a href=\"https:\/\/commons.wikimedia.org\/wiki\/File:Bundesarchiv_Bild_183-S33882,_Adolf_Hitler_retouched.jpg\" target=\"_blank\">Deutsches Bundesarchiv<\/a> \/ Lizenz: <a href=\"https:\/\/creativecommons.org\/licenses\/by-sa\/3.0\/de\/deed.en\" target=\"_blank\">CC BY-SA 3.0 DE<\/a><\/figcaption><\/figure>\n<p>Der F\u00fchrer hat sich gegen eine Islamisierung des Arierlandes ausgesprochen. Nach einer kritischen Nachfrage unserer Redaktion, dass es kaum Muslime im Dritten Reich gebe und t\u00fcrkische Gastarbeiter erst in den 1960er-Jahren und damit lange nach dem Ende des Tausendj\u00e4hrigen Reichs mit ihren Gebetsteppichen nach Deutschland kommen w\u00fcrden, sagte der F\u00fchrer im Gro\u00dfdeutschen Rundfunk, dass die gef\u00fchlte Islamisierung weit fortgeschritten sei und daher dringend Einhalt geboten werden m\u00fcsse. Der diesj\u00e4hrige Reichsparteitag st\u00fcnde daher voll und ganz unter dem Motto &#8222;F\u00dcGIDA \u2013 F\u00fchrer gegen die Islamisierung des Arierlandes&#8220;. Der F\u00fchrer vermerkt in seinem Tagebuch, dass ihm da ein griffiger Begriff eingefallen sei. Ihn w\u00fcrde es nicht wundern, wenn diese Idee eines Tages geklaut werden w\u00fcrde.<\/p>\n","protected":false},"excerpt":{"rendered":"<p>Der F\u00fchrer hat sich gegen eine Islamisierung des Arierlandes ausgesprochen. Nach einer kritischen Nachfrage unserer Redaktion, dass es kaum Muslime im Dritten Reich gebe und t\u00fcrkische Gastarbeiter erst in den 1960er-Jahren und damit lange nach dem Ende des Tausendj\u00e4hrigen Reichs mit ihren Gebetsteppichen nach Deutschland kommen w\u00fcrden, sagte der F\u00fchrer im Gro\u00dfdeutschen Rundfunk, dass die [&hellip;]<\/p>\n","protected":false},"author":1,"featured_media":0,"comment_status":"open","ping_status":"open","sticky":false,"template":"","format":"standard","meta":{"footnotes":""},"categories":[2,23,6,11],"tags":[203,709,201],"class_list":["post-1204","post","type-post","status-publish","format-standard","hentry","category-gesellschaftliches","category-historisches","category-politik","category-religion","tag-adolf-hitler","tag-islamisierung","tag-pegida"],"_links":{"self":[{"href":"https:\/\/www.keinblatt.de\/blog\/wp-json\/wp\/v2\/posts\/1204","targetHints":{"allow":["GET"]}}],"collection":[{"href":"https:\/\/www.keinblatt.de\/blog\/wp-json\/wp\/v2\/posts"}],"about":[{"href":"https:\/\/www.keinblatt.de\/blog\/wp-json\/wp\/v2\/types\/post"}],"author":[{"embeddable":true,"href":"https:\/\/www.keinblatt.de\/blog\/wp-json\/wp\/v2\/users\/1"}],"replies":[{"embeddable":true,"href":"https:\/\/www.keinblatt.de\/blog\/wp-json\/wp\/v2\/comments?post=1204"}],"version-history":[{"count":0,"href":"https:\/\/www.keinblatt.de\/blog\/wp-json\/wp\/v2\/posts\/1204\/revisions"}],"wp:attachment":[{"href":"https:\/\/www.keinblatt.de\/blog\/wp-json\/wp\/v2\/media?parent=1204"}],"wp:term":[{"taxonomy":"category","embeddable":true,"href":"https:\/\/www.keinblatt.de\/blog\/wp-json\/wp\/v2\/categories?post=1204"},{"taxonomy":"post_tag","embeddable":true,"href":"https:\/\/www.keinblatt.de\/blog\/wp-json\/wp\/v2\/tags?post=1204"}],"curies":[{"name":"wp","href":"https:\/\/api.w.org\/{rel}","templated":true}]}}