{"id":1201,"date":"2015-01-18T23:18:30","date_gmt":"2015-01-18T22:18:30","guid":{"rendered":"http:\/\/www.keinblatt.de\/blog\/?p=1201"},"modified":"2015-04-15T18:24:12","modified_gmt":"2015-04-15T16:24:12","slug":"jeder-zweite-anhaenger-kann-pegidia-nicht-richtig-buchstabieren","status":"publish","type":"post","link":"https:\/\/www.keinblatt.de\/blog\/jeder-zweite-anhaenger-kann-pegidia-nicht-richtig-buchstabieren\/","title":{"rendered":"Jeder zweite Anh\u00e4nger kann &#8222;Pegidia&#8220; nicht richtig buchstabieren"},"content":{"rendered":"<figure id=\"attachment_1202\" aria-describedby=\"caption-attachment-1202\" style=\"width: 640px\" class=\"wp-caption alignnone\"><img loading=\"lazy\" decoding=\"async\" class=\"size-full wp-image-1202\" src=\"https:\/\/www.keinblatt.de\/blog\/wp-content\/uploads\/2015\/01\/PEGIDA_DRESDEN_DEMO_12_Jan_2015_115724082.jpg\" alt=\"Pegidia-Demo in Dresden\" width=\"640\" height=\"480\" srcset=\"https:\/\/www.keinblatt.de\/blog\/wp-content\/uploads\/2015\/01\/PEGIDA_DRESDEN_DEMO_12_Jan_2015_115724082.jpg 640w, https:\/\/www.keinblatt.de\/blog\/wp-content\/uploads\/2015\/01\/PEGIDA_DRESDEN_DEMO_12_Jan_2015_115724082-300x225.jpg 300w\" sizes=\"auto, (max-width: 640px) 100vw, 640px\" \/><figcaption id=\"caption-attachment-1202\" class=\"wp-caption-text\">Pegidia-Demo in Dresden am 12. Januar 2015. Wer sind ihre Anh\u00e4nger? Foto: <a href=\"https:\/\/commons.wikimedia.org\/wiki\/File:PEGIDA_DRESDEN_DEMO_12_Jan_2015_115724082.jpg\" target=\"_blank\">Kalispera Dell<\/a> \/ Lizenz: <a href=\"https:\/\/creativecommons.org\/licenses\/by\/3.0\/deed.en\" target=\"_blank\">CC BY 3.0<\/a><\/figcaption><\/figure>\n<p>Bislang wusste man nicht viel \u00fcber diejenigen, die auf Pegidia-Demonstrationen gehen. Die Universit\u00e4t Gelsenkirchen hat sich nun in einer gro\u00dfangelegten Studie dem Ph\u00e4nomen Pegida angenommen.<\/p>\n<p>Im Ergebnis der Studie kommt heraus, dass Pergida-Demonstranten in puncto Schullaufbahn eine mittlere Einbildung haben. Allerdings k\u00f6nnen 51 % den Namen ihrer Bewegung nicht richtig buchstabieren, die Aufl\u00f6sung des Akronyms (&#8222;Patriotische Europ\u00e4er gegen die Islamisierung des Abendlandes&#8220;) gelang nur noch 29 % der Befragten, die sich zur Bewegung bekennen. 78 % wussten nicht, was \u00fcberhaupt ein Akronym ist.<\/p>\n<p>Der durchschnittliche Pegida-Anh\u00e4nger hat 1,44 Perserteppiche (von Kindern handgekn\u00fcpft, weil es einfach preiswerter ist), isst vorzugsweise blutiges Fleisch, tr\u00e4gt die Haare offen, besucht im Mittel nur 0,2-mal im Jahr ein t\u00fcrkisches Bad und verf\u00fcgt im Schweigemarschmodus lediglich \u00fcber einen Wortschatz von einem einzigen Wort (&#8222;L\u00fcgenpresse&#8220;).<\/p>\n<p>Die technische Ausstattung der Anh\u00e4nger ist als gut zu bewerten. Seitdem die Beleuchtung in St\u00e4dten immer \u00f6fter auff\u00e4llt, ist der Anteil an Pegida-Anh\u00e4ngern, die mindestens \u00fcber eine Stirnlampe und ein Nachtsichtger\u00e4t verf\u00fcgen, auf 91 % angestiegen. 70 % der Pegida-Anh\u00e4nger stehen erst am Abend auf, um dem Namen ihrer Bewegung gerecht zu werden.<\/p>\n<p>Bei den Vorbildern steht nach dem schrecklichen Attentat in Paris auf das Satiremagazin Charlie Hebdo die Solidarit\u00e4t in Vordergrund: 75 % der Anh\u00e4nger geben an, dass Charlie Chaplin der sympathischste Franzose sei.<\/p>\n","protected":false},"excerpt":{"rendered":"<p>Bislang wusste man nicht viel \u00fcber diejenigen, die auf Pegidia-Demonstrationen gehen. Die Universit\u00e4t Gelsenkirchen hat sich nun in einer gro\u00dfangelegten Studie dem Ph\u00e4nomen Pegida angenommen. Im Ergebnis der Studie kommt heraus, dass Pergida-Demonstranten in puncto Schullaufbahn eine mittlere Einbildung haben. Allerdings k\u00f6nnen 51 % den Namen ihrer Bewegung nicht richtig buchstabieren, die Aufl\u00f6sung des Akronyms [&hellip;]<\/p>\n","protected":false},"author":1,"featured_media":0,"comment_status":"open","ping_status":"open","sticky":false,"template":"","format":"standard","meta":{"footnotes":""},"categories":[2,6,20,3],"tags":[412,427,709,426,201],"class_list":["post-1201","post","type-post","status-publish","format-standard","hentry","category-gesellschaftliches","category-politik","category-sprachliches","category-wissenschaft","tag-charlie-hebdo","tag-dresden","tag-islamisierung","tag-luegenpresse","tag-pegida"],"_links":{"self":[{"href":"https:\/\/www.keinblatt.de\/blog\/wp-json\/wp\/v2\/posts\/1201","targetHints":{"allow":["GET"]}}],"collection":[{"href":"https:\/\/www.keinblatt.de\/blog\/wp-json\/wp\/v2\/posts"}],"about":[{"href":"https:\/\/www.keinblatt.de\/blog\/wp-json\/wp\/v2\/types\/post"}],"author":[{"embeddable":true,"href":"https:\/\/www.keinblatt.de\/blog\/wp-json\/wp\/v2\/users\/1"}],"replies":[{"embeddable":true,"href":"https:\/\/www.keinblatt.de\/blog\/wp-json\/wp\/v2\/comments?post=1201"}],"version-history":[{"count":0,"href":"https:\/\/www.keinblatt.de\/blog\/wp-json\/wp\/v2\/posts\/1201\/revisions"}],"wp:attachment":[{"href":"https:\/\/www.keinblatt.de\/blog\/wp-json\/wp\/v2\/media?parent=1201"}],"wp:term":[{"taxonomy":"category","embeddable":true,"href":"https:\/\/www.keinblatt.de\/blog\/wp-json\/wp\/v2\/categories?post=1201"},{"taxonomy":"post_tag","embeddable":true,"href":"https:\/\/www.keinblatt.de\/blog\/wp-json\/wp\/v2\/tags?post=1201"}],"curies":[{"name":"wp","href":"https:\/\/api.w.org\/{rel}","templated":true}]}}