{"id":1195,"date":"2015-01-13T17:28:54","date_gmt":"2015-01-13T16:28:54","guid":{"rendered":"http:\/\/www.keinblatt.de\/blog\/?p=1195"},"modified":"2015-04-15T18:22:17","modified_gmt":"2015-04-15T16:22:17","slug":"parallelgesellschaften-existieren-wirklich-pegida-ist-eine-von-ihnen","status":"publish","type":"post","link":"https:\/\/www.keinblatt.de\/blog\/parallelgesellschaften-existieren-wirklich-pegida-ist-eine-von-ihnen\/","title":{"rendered":"Parallelgesellschaften existieren wirklich \u2013 Pegida ist eine von ihnen"},"content":{"rendered":"<figure id=\"attachment_1196\" aria-describedby=\"caption-attachment-1196\" style=\"width: 640px\" class=\"wp-caption alignnone\"><img loading=\"lazy\" decoding=\"async\" class=\"size-full wp-image-1196\" src=\"https:\/\/www.keinblatt.de\/blog\/wp-content\/uploads\/2015\/01\/16030730121_7a475cfc7a_z.jpg\" alt=\"Pegida-Demo\" width=\"640\" height=\"415\" srcset=\"https:\/\/www.keinblatt.de\/blog\/wp-content\/uploads\/2015\/01\/16030730121_7a475cfc7a_z.jpg 640w, https:\/\/www.keinblatt.de\/blog\/wp-content\/uploads\/2015\/01\/16030730121_7a475cfc7a_z-300x195.jpg 300w\" sizes=\"auto, (max-width: 640px) 100vw, 640px\" \/><figcaption id=\"caption-attachment-1196\" class=\"wp-caption-text\">Pegida-Demo. In der Welt der Demonstranten schreibt man &#8222;straff\u00e4llig&#8220; auf einmal gro\u00df. Foto: <a href=\"https:\/\/www.flickr.com\/photos\/hinkelstone\/16030730121\/\" target=\"_blank\">quapan<\/a> \/ Lizenz: <a href=\"https:\/\/creativecommons.org\/licenses\/by\/2.0\/\" target=\"_blank\">CC BY 2.0<\/a><\/figcaption><\/figure>\n<p>Was viele nicht ahnten, eine Parallelgesellschaft, wie sie in \u00e4hnlicher Form von der Pegida postuliert wird, gibt es in Deutschland tats\u00e4chlich. Eine wachsende Gruppe von Leuten lebt am Rande der Gesellschaft mit eigenem Weltbild. Schon l\u00e4ngst informieren sich diese Leute nicht mehr \u00fcber die Mainstream-Medien wie den gro\u00dfen Zeitungen und das \u00f6ffentlich-rechtliche Fernsehen, die nur als &#8222;L\u00fcgenpresse&#8220; empfunden werden. Solche Leute beziehen ihr Wissen nur noch aus obskuren Quellen, von Medien wie den Pi-News, Russia Today und verschw\u00f6rungstheoretischen Internetseiten.<\/p>\n<p>Keinesfalls sollen alle Leute \u00fcber einen Kamm geschert werden. L\u00e4ngst nicht jeder, der bei den Pegida-Demos mitmarschiert, entspricht diesem Typus, ebenso ist nicht jeder in dieser Hinsicht &#8222;verlorengegangen&#8220;. Keinesfalls soll auch hier behauptet werden, dass die Mainstream-Medien ausgewogen berichten und bestm\u00f6glich recherchieren. Das Gegenteil ist oft richtig, und manche Verlagsgrunds\u00e4tze und -bekenntnisse wie die beim Axel-Springer-Verlag<\/p>\n<blockquote><p>Die Unterst\u00fctzung des transatlantischen B\u00fcndnisses und die Solidarit\u00e4t in der freiheitlichen Wertegemeinschaft mit den Vereinigten Staaten von Amerika<\/p><\/blockquote>\n<p>sind sicherlich einer neutralen Berichterstattung eher im Wege. Bedenklich ist aber, sich in eine eigene Welt zu fl\u00fcchten, in der nun alle Massenmedien und Politiker der gro\u00dfen Parteien verunglimpft, als Hetzer, Speichellecker oder Zionisten-Schlampen, bezeichnet werden, um noch die milderen Begriffe zu zitieren.<\/p>\n<p>In erschreckendem Ma\u00dfe muss konstatiert werden, dass die Truther, die Inside-Job- und False-Flag-Postulierer sich eine eigene Welt zusammengezimmert haben, in der jeder auf das \u00dcbelste beschimpft wird, der es nur wagt, einen Link eines Mainstream-Mediums zu posten oder eine radikale Gegenposition einzunehmen. Ergebnisoffene Diskussionen sind kaum m\u00f6glich. Statt sich mit den Medien auseinanderzusetzen, fl\u00fcchten sich diese Leute in eine eigene Welt mit weit simpleren Wahrheiten. Dabei wird verkannt, dass die Welt unglaublich komplex ist und keinesfalls da drau\u00dfen eine singul\u00e4re Wahrheit existiert, die man einfach entdecken und verbreiten kann.<\/p>\n<p>Hinweise darauf, dass in Sachsen nicht mal 0,5 Prozent der Menschen Muslime sind, von denen nur ein winziger Teil radikal ist, werden von vielen Pegida-Anh\u00e4ngern als L\u00fcgen bezeichnet und wieder in das eigene Weltbild einsortiert. Nat\u00fcrlich hat man auch eine Erkl\u00e4rung, es seien einfach eine riesige Anzahl an Fl\u00fcchtlingen illegal im Lande \u2013 statistisch nicht erfasst. Was nicht passt, wird passend gemacht. Die gef\u00fchlte Islamisierung wird im streng konstruktivistischen Sinne zur wahrhaftigen Islamisierung. Man m\u00f6chte den &#8222;Kartoffeln statt D\u00f6ner&#8220;-Plakathaltern noch sagen, dass die Kartoffel keine alteurop\u00e4ische Pflanze ist, sondern in Europa erst ab dem 18. Jahrhundert im gr\u00f6\u00dferen Stil angebaut wurde, nachdem die Pflanze im 16. Jahrhundert den Weg von S\u00fcdamerika nach Europa gefunden hatte. Welches Recht hat jemand, heutige kulturelle Bereicherungen abzulehnen, aber ausgerechnet die Kartoffel im wahrsten Wortsinne hochzuhalten? Wenigstens stammt die Kartoffel nicht aus der islamischen Welt \u2013 das mag den einen oder anderen Pegidaisten tr\u00f6sten \u2013, aber aus dem Inkareich und damit alles andere aus einer christlichen Kultur heraus.<\/p>\n<p>Dass die Demos in aller Regel Schweigem\u00e4rsche sind, in denen nur selten mit der Presse geredet wird, kann man nicht aus Respekt der angeblichen Opfer der schleichenden Islamisierung Europas verstehen, sondern als Ablehnung der &#8222;L\u00fcgenpresse&#8220;. Mit denen redet man nicht, denn die l\u00fcgen ja und drehen es wieder so hin, dass es in das gutmenschliche Weltbild passt. Dass keinesfalls die Presse, gerade aus den konservativen H\u00e4usern wie dem Axel-Springer-Verlag, immer auf Multikulti-Kurs sind und waren, wird gerne ignoriert.<\/p>\n<p>Man kann nur innerlich schreien und sich w\u00fcnschen, dass so manche Leute das Gehirn einschalten. Ich habe es selbst mit deutlichen Worten, aber auch in sehr freundlichen Gespr\u00e4chen probiert. Egal was ich s\u00e4te, geerntet habe ich fast immer nur Hass.<\/p>\n<p>Wenn\u00a0 aber jetzt nur ein Einziger dem Aufruf folgt, zumindest mal zu \u00fcberpr\u00fcfen, ob er nicht doch selbst in einer Parallelwelt lebt, um vielleicht aus dieser auszubrechen und mitzuarbeiten, statt sich abzusondern, mag es sich gelohnt haben.<\/p>\n<p><strong>Hinweis:<\/strong> keinblatt.de ver\u00f6ffentlicht normalerweise nur top recherchierte, ernsthafte Nachrichten. Kommentare geh\u00f6ren normalerweise nicht zum Inhalt. Die Chefredaktion hielt es aber angesichts der aktuellen Entwicklung f\u00fcr notwendig, eine Ausnahme zuzulassen.<img loading=\"lazy\" decoding=\"async\" class=\"vg\" src=\"https:\/\/ssl-vg03.met.vgwort.de\/na\/33c4205e64304a938d5de678df02bd28\" alt=\"\" width=\"1\" height=\"1\" \/><\/p>\n","protected":false},"excerpt":{"rendered":"<p>Was viele nicht ahnten, eine Parallelgesellschaft, wie sie in \u00e4hnlicher Form von der Pegida postuliert wird, gibt es in Deutschland tats\u00e4chlich. Eine wachsende Gruppe von Leuten lebt am Rande der Gesellschaft mit eigenem Weltbild. Schon l\u00e4ngst informieren sich diese Leute nicht mehr \u00fcber die Mainstream-Medien wie den gro\u00dfen Zeitungen und das \u00f6ffentlich-rechtliche Fernsehen, die nur [&hellip;]<\/p>\n","protected":false},"author":1,"featured_media":0,"comment_status":"open","ping_status":"open","sticky":false,"template":"","format":"standard","meta":{"footnotes":""},"categories":[2,6,11],"tags":[707,709,426,708,201],"class_list":["post-1195","post","type-post","status-publish","format-standard","hentry","category-gesellschaftliches","category-politik","category-religion","tag-demonstrationen","tag-islamisierung","tag-luegenpresse","tag-multikulti","tag-pegida"],"_links":{"self":[{"href":"https:\/\/www.keinblatt.de\/blog\/wp-json\/wp\/v2\/posts\/1195","targetHints":{"allow":["GET"]}}],"collection":[{"href":"https:\/\/www.keinblatt.de\/blog\/wp-json\/wp\/v2\/posts"}],"about":[{"href":"https:\/\/www.keinblatt.de\/blog\/wp-json\/wp\/v2\/types\/post"}],"author":[{"embeddable":true,"href":"https:\/\/www.keinblatt.de\/blog\/wp-json\/wp\/v2\/users\/1"}],"replies":[{"embeddable":true,"href":"https:\/\/www.keinblatt.de\/blog\/wp-json\/wp\/v2\/comments?post=1195"}],"version-history":[{"count":0,"href":"https:\/\/www.keinblatt.de\/blog\/wp-json\/wp\/v2\/posts\/1195\/revisions"}],"wp:attachment":[{"href":"https:\/\/www.keinblatt.de\/blog\/wp-json\/wp\/v2\/media?parent=1195"}],"wp:term":[{"taxonomy":"category","embeddable":true,"href":"https:\/\/www.keinblatt.de\/blog\/wp-json\/wp\/v2\/categories?post=1195"},{"taxonomy":"post_tag","embeddable":true,"href":"https:\/\/www.keinblatt.de\/blog\/wp-json\/wp\/v2\/tags?post=1195"}],"curies":[{"name":"wp","href":"https:\/\/api.w.org\/{rel}","templated":true}]}}