{"id":1191,"date":"2015-01-09T21:09:59","date_gmt":"2015-01-09T20:09:59","guid":{"rendered":"http:\/\/www.keinblatt.de\/blog\/?p=1191"},"modified":"2015-04-15T18:27:16","modified_gmt":"2015-04-15T16:27:16","slug":"vorratsdatenspeicherung-seehofer-will-daten-bereits-vor-erfolgter-kommunikation-erfassen","status":"publish","type":"post","link":"https:\/\/www.keinblatt.de\/blog\/vorratsdatenspeicherung-seehofer-will-daten-bereits-vor-erfolgter-kommunikation-erfassen\/","title":{"rendered":"Vorratsdatenspeicherung: Seehofer will Daten bereits vor erfolgter Kommunikation erfassen"},"content":{"rendered":"<figure id=\"attachment_326\" aria-describedby=\"caption-attachment-326\" style=\"width: 225px\" class=\"wp-caption alignleft\"><a href=\"https:\/\/www.keinblatt.de\/blog\/wp-content\/uploads\/2013\/10\/2393972910_0e3fff950f_b.jpg\"><img loading=\"lazy\" decoding=\"async\" class=\"size-medium wp-image-326\" src=\"https:\/\/www.keinblatt.de\/blog\/wp-content\/uploads\/2013\/10\/2393972910_0e3fff950f_b-225x300.jpg\" alt=\"Rechenzentrum\" width=\"225\" height=\"300\" srcset=\"https:\/\/www.keinblatt.de\/blog\/wp-content\/uploads\/2013\/10\/2393972910_0e3fff950f_b-225x300.jpg 225w, https:\/\/www.keinblatt.de\/blog\/wp-content\/uploads\/2013\/10\/2393972910_0e3fff950f_b-624x832.jpg 624w, https:\/\/www.keinblatt.de\/blog\/wp-content\/uploads\/2013\/10\/2393972910_0e3fff950f_b.jpg 768w\" sizes=\"auto, (max-width: 225px) 100vw, 225px\" \/><\/a><figcaption id=\"caption-attachment-326\" class=\"wp-caption-text\">Seehofer will &#8222;echte&#8220; Vorratsdatenspeicherung. Wenn schon, denn schon. Foto: <a href=\"https:\/\/www.flickr.com\/photos\/habi\/2393972910\/in\/set-72157604412687598\/\" target=\"_blank\">David Haberth\u00fcr<\/a> \/ Lizenz: <a href=\"https:\/\/creativecommons.org\/licenses\/by-nc\/2.0\/\" target=\"_blank\">CC BY-NC 2.0<\/a><\/figcaption><\/figure>\n<p>Nach den blutigen Terrorakten in Paris fordert die CSU die Einf\u00fchrung der Vorratsdatenspeicherung in Deutschland, die in Frankreich zur Verhinderung von Terrorakten bereits h\u00f6chst erfolgreich installiert wurde.<\/p>\n<p>Der bayerische Ministerpr\u00e4sident Horst Seehofer (CSU) will hierbei eine weiterentwickelte Form der Vorratsdatenspeicherung implementieren. Dabei sollen die Kommunikationsdaten nicht einfach f\u00fcr einen bestimmten Zeitraum gespeichert werden. Geht es nach dem Willen der CSU, m\u00fcssen vielmehr Besuche bestimmter Webseiten sowie das F\u00fchren bestimmter Telefonate mindestens 24 Stunden vorher (also auf Vorrat) angemeldet werden. Nur damit h\u00e4tten die Beh\u00f6rden angemessen Zeit, im Vorfeld auf verd\u00e4chtige Kommunikationen zu reagieren. Nicht anmeldepflichtig sollen Ziele sein, die auf einer Whitelist stehen. Bei Webseiten sollen die gro\u00dfen deutschen Zeitungen darunter fallen, etwa Bild und Bayernkurier, oder weitere unverd\u00e4chtige Webseiten wie die von Pegida (Patriotische Europ\u00e4er gegen die Islamisierung des Abendlandes), der CSU und des Heiligen Stuhls.<\/p>\n<p>Ausl\u00e4ndische Webseiten oder radikale Zeitungen wie die &#8222;taz&#8220; werden sicherlich anmeldepflichtig sein, so der bayerische Ministerpr\u00e4sident. Was E-Mails angeht, beruhigt Seehofer, diese k\u00f6nne man auch in Zukunft jederzeit absenden, aber bei bestimmten Zieladressen werde der Inhalt erst einmal ausgewertet. Die E-Mail werde daraufhin garantiert sp\u00e4testens nach 24 Stunden zugestellt, notfalls in bearbeiteter Form und erg\u00e4nzt um ein paar bcc (Blindkopie)-Empf\u00e4nger, f\u00fchrt Seehofer aus.<\/p>\n<p>Mit Zensur habe das nichts zu tun, es gehe nur um Verbindungen zum internationalen und islamischen Terror. Die Rettungsdienste k\u00f6nne man selbstverst\u00e4ndlich auch ohne Wartefrist erreichen, f\u00fchrt Seehofer aus. Wer nichts zu verbergen habe, habe auch nichts zu bef\u00fcrchten oder zu verlieren.<\/p>\n<p>Bundeskanzlerin Angela Merkel (CDU) hat sich noch nicht zu dem Vorsto\u00df ge\u00e4u\u00dfert.<img loading=\"lazy\" decoding=\"async\" class=\"vg\" src=\"https:\/\/ssl-vg03.met.vgwort.de\/na\/203a91b334a54ddfbeefa035536841db\" alt=\"\" width=\"1\" height=\"1\" \/><\/p>\n","protected":false},"excerpt":{"rendered":"<p>Nach den blutigen Terrorakten in Paris fordert die CSU die Einf\u00fchrung der Vorratsdatenspeicherung in Deutschland, die in Frankreich zur Verhinderung von Terrorakten bereits h\u00f6chst erfolgreich installiert wurde. Der bayerische Ministerpr\u00e4sident Horst Seehofer (CSU) will hierbei eine weiterentwickelte Form der Vorratsdatenspeicherung implementieren. Dabei sollen die Kommunikationsdaten nicht einfach f\u00fcr einen bestimmten Zeitraum gespeichert werden. Geht es [&hellip;]<\/p>\n","protected":false},"author":1,"featured_media":0,"comment_status":"open","ping_status":"open","sticky":false,"template":"","format":"standard","meta":{"footnotes":""},"categories":[7,6,11,17],"tags":[240,333],"class_list":["post-1191","post","type-post","status-publish","format-standard","hentry","category-kriminalitat","category-politik","category-religion","category-technik","tag-horst-seehofer","tag-vorratsdatenspeicherung"],"_links":{"self":[{"href":"https:\/\/www.keinblatt.de\/blog\/wp-json\/wp\/v2\/posts\/1191","targetHints":{"allow":["GET"]}}],"collection":[{"href":"https:\/\/www.keinblatt.de\/blog\/wp-json\/wp\/v2\/posts"}],"about":[{"href":"https:\/\/www.keinblatt.de\/blog\/wp-json\/wp\/v2\/types\/post"}],"author":[{"embeddable":true,"href":"https:\/\/www.keinblatt.de\/blog\/wp-json\/wp\/v2\/users\/1"}],"replies":[{"embeddable":true,"href":"https:\/\/www.keinblatt.de\/blog\/wp-json\/wp\/v2\/comments?post=1191"}],"version-history":[{"count":0,"href":"https:\/\/www.keinblatt.de\/blog\/wp-json\/wp\/v2\/posts\/1191\/revisions"}],"wp:attachment":[{"href":"https:\/\/www.keinblatt.de\/blog\/wp-json\/wp\/v2\/media?parent=1191"}],"wp:term":[{"taxonomy":"category","embeddable":true,"href":"https:\/\/www.keinblatt.de\/blog\/wp-json\/wp\/v2\/categories?post=1191"},{"taxonomy":"post_tag","embeddable":true,"href":"https:\/\/www.keinblatt.de\/blog\/wp-json\/wp\/v2\/tags?post=1191"}],"curies":[{"name":"wp","href":"https:\/\/api.w.org\/{rel}","templated":true}]}}