{"id":1185,"date":"2015-01-07T13:59:39","date_gmt":"2015-01-07T12:59:39","guid":{"rendered":"http:\/\/www.keinblatt.de\/blog\/?p=1185"},"modified":"2021-03-28T16:01:44","modified_gmt":"2021-03-28T14:01:44","slug":"horst-seehofer-pegida-ableger-schande-fuer-deutschland","status":"publish","type":"post","link":"https:\/\/www.keinblatt.de\/blog\/horst-seehofer-pegida-ableger-schande-fuer-deutschland\/","title":{"rendered":"Horst Seehofer: Pegida-Ableger Schande f\u00fcr Deutschland"},"content":{"rendered":"<figure id=\"attachment_1186\" aria-describedby=\"caption-attachment-1186\" style=\"width: 515px\" class=\"wp-caption alignnone\"><img loading=\"lazy\" decoding=\"async\" class=\"size-full wp-image-1186\" src=\"https:\/\/www.keinblatt.de\/blog\/wp-content\/uploads\/2015\/01\/515px-K\u00f6lner_Dom_nachts_2013.jpg\" alt=\"K\u00f6lner Dom\" width=\"515\" height=\"480\" srcset=\"https:\/\/www.keinblatt.de\/blog\/wp-content\/uploads\/2015\/01\/515px-K\u00f6lner_Dom_nachts_2013.jpg 515w, https:\/\/www.keinblatt.de\/blog\/wp-content\/uploads\/2015\/01\/515px-K\u00f6lner_Dom_nachts_2013-300x280.jpg 300w\" sizes=\"auto, (max-width: 515px) 100vw, 515px\" \/><figcaption id=\"caption-attachment-1186\" class=\"wp-caption-text\">K\u00f6lner Dom \u2013\u00a0 so sieht er normalerweise aus. Foto: <a href=\"https:\/\/commons.wikimedia.org\/wiki\/File:K%C3%B6lner_Dom_nachts_2013.jpg\" target=\"_blank\">Thomas Wolf<\/a> \/ Lizenz: <a href=\"https:\/\/creativecommons.org\/licenses\/by-sa\/3.0\/de\/deed.en\" target=\"_blank\">CC BY-SA 3.0 DE<\/a><\/figcaption><\/figure>\n<p>Der bayerische Landesvater Horst Seehofer (CSU) hat die Pegida-Ableger als &#8222;Schande f\u00fcr Bayern und Deutschland&#8220; bezeichnet.<\/p>\n<p>W\u00e4hrend am Montag in Dresden trotz Gegenwind (meteorologisch gemeint) 18.000 Islamgegner durch die Stra\u00dfen marschierten, waren es in westdeutschen St\u00e4dten nur kleine H\u00e4ufchen von allenfalls wenigen Hunderten Abendlandrettern.<\/p>\n<p>Seehofer fordert mehr Engagement von den B\u00fcrgern. Ihm sei es absolut schleierhaft, warum sich nicht auch in westdeutschen St\u00e4dten mehr Leute gegen Burkas, Orientteppiche und D\u00f6ner engagierten. Oft seien gar die Gegendemonstrationen erfolgreicher.<\/p>\n<h3>K\u00f6gida fordert Abriss des K\u00f6lner Doms, der gr\u00f6\u00dften Moschee des Abendlandes<\/h3>\n<p>Der besonders erfolglose Ableger in K\u00f6ln, &#8222;K\u00f6gida&#8220;, musste sogar am Montag erst einmal aufgeben. Ihm wurde kurzerhand das Licht ausgeknipst. Der Dompropst hatte die Beleuchtung des K\u00f6lner Doms abgeschaltet, sodass die Demonstranten ziellos durch die Stadt irrten und nicht zusammenfanden. Zwei von ihnen brachen in einer Kneipe am Rheinufer Platz nach wenigen Stunden zusammen, nachdem sie dort v\u00f6llig entkr\u00e4ftet Platz genommen hatten. Sie musste von Notarzt-Einsatzkr\u00e4ften mit Infusionen aufgep\u00e4ppelt werden. Ihr Zustand gilt inzwischen als stabil.<\/p>\n<p>Die K\u00f6gida fordert nun den Abriss des K\u00f6lner Doms. Dieser sei n\u00e4mlich streng genommen die gr\u00f6\u00dfte Moschee des Abendlandes. 1965 wurde der K\u00f6lner Dom t\u00fcrkischen Arbeitsmigranten zum Beten zur Verf\u00fcgung gestellt. Im islamischen Glauben verh\u00e4lt es sich so, dass jedes Gotteshaus, in dem Allah einmal angebetet wurde, automatisch zur Moschee wird. Ein K\u00f6gida-Sprecher sieht darin den Grund, warum man ihnen das Licht ausgeknipst habe. Der K\u00f6lner Dom sei islamisiert, deshalb. Im Abendland d\u00fcrfe es \u00fcberhaupt keine Moscheen geben. Mit dem durch den Abriss gewonnenen Baumaterial solle man irgendetwas Sinnvolles machen, etwa Sonntagsschulen bauen.<img loading=\"lazy\" decoding=\"async\" class=\"vg\" src=\"https:\/\/ssl-vg03.met.vgwort.de\/na\/bb9808292aa742a1a7a019bf5f6e944c\" alt=\"\" width=\"1\" height=\"1\" \/><\/p>\n","protected":false},"excerpt":{"rendered":"<p>Der bayerische Landesvater Horst Seehofer (CSU) hat die Pegida-Ableger als &#8222;Schande f\u00fcr Bayern und Deutschland&#8220; bezeichnet. W\u00e4hrend am Montag in Dresden trotz Gegenwind (meteorologisch gemeint) 18.000 Islamgegner durch die Stra\u00dfen marschierten, waren es in westdeutschen St\u00e4dten nur kleine H\u00e4ufchen von allenfalls wenigen Hunderten Abendlandrettern. Seehofer fordert mehr Engagement von den B\u00fcrgern. Ihm sei es absolut [&hellip;]<\/p>\n","protected":false},"author":1,"featured_media":0,"comment_status":"open","ping_status":"open","sticky":false,"template":"","format":"standard","meta":{"footnotes":""},"categories":[2,6,11],"tags":[240,709,716,201],"class_list":["post-1185","post","type-post","status-publish","format-standard","hentry","category-gesellschaftliches","category-politik","category-religion","tag-horst-seehofer","tag-islamisierung","tag-koelner-dom","tag-pegida"],"_links":{"self":[{"href":"https:\/\/www.keinblatt.de\/blog\/wp-json\/wp\/v2\/posts\/1185","targetHints":{"allow":["GET"]}}],"collection":[{"href":"https:\/\/www.keinblatt.de\/blog\/wp-json\/wp\/v2\/posts"}],"about":[{"href":"https:\/\/www.keinblatt.de\/blog\/wp-json\/wp\/v2\/types\/post"}],"author":[{"embeddable":true,"href":"https:\/\/www.keinblatt.de\/blog\/wp-json\/wp\/v2\/users\/1"}],"replies":[{"embeddable":true,"href":"https:\/\/www.keinblatt.de\/blog\/wp-json\/wp\/v2\/comments?post=1185"}],"version-history":[{"count":0,"href":"https:\/\/www.keinblatt.de\/blog\/wp-json\/wp\/v2\/posts\/1185\/revisions"}],"wp:attachment":[{"href":"https:\/\/www.keinblatt.de\/blog\/wp-json\/wp\/v2\/media?parent=1185"}],"wp:term":[{"taxonomy":"category","embeddable":true,"href":"https:\/\/www.keinblatt.de\/blog\/wp-json\/wp\/v2\/categories?post=1185"},{"taxonomy":"post_tag","embeddable":true,"href":"https:\/\/www.keinblatt.de\/blog\/wp-json\/wp\/v2\/tags?post=1185"}],"curies":[{"name":"wp","href":"https:\/\/api.w.org\/{rel}","templated":true}]}}