{"id":1181,"date":"2015-01-02T17:34:53","date_gmt":"2015-01-02T16:34:53","guid":{"rendered":"http:\/\/www.keinblatt.de\/blog\/?p=1181"},"modified":"2016-08-30T15:17:10","modified_gmt":"2016-08-30T13:17:10","slug":"seehofer-fluechtlinge-nur-noch-mit-bereits-bewilligtem-asylantrag-rein-lassen","status":"publish","type":"post","link":"https:\/\/www.keinblatt.de\/blog\/seehofer-fluechtlinge-nur-noch-mit-bereits-bewilligtem-asylantrag-rein-lassen\/","title":{"rendered":"Seehofer: Fl\u00fcchtlinge nur noch mit bereits bewilligtem Asylantrag reinlassen!"},"content":{"rendered":"<figure id=\"attachment_987\" aria-describedby=\"caption-attachment-987\" style=\"width: 480px\" class=\"wp-caption alignnone\"><img loading=\"lazy\" decoding=\"async\" class=\"size-full wp-image-987\" src=\"https:\/\/www.keinblatt.de\/blog\/wp-content\/uploads\/2014\/09\/480px-MP_Horst_Seehofer_August_2013.jpg\" alt=\"Horst Seehofer\" width=\"480\" height=\"480\" srcset=\"https:\/\/www.keinblatt.de\/blog\/wp-content\/uploads\/2014\/09\/480px-MP_Horst_Seehofer_August_2013.jpg 480w, https:\/\/www.keinblatt.de\/blog\/wp-content\/uploads\/2014\/09\/480px-MP_Horst_Seehofer_August_2013-150x150.jpg 150w, https:\/\/www.keinblatt.de\/blog\/wp-content\/uploads\/2014\/09\/480px-MP_Horst_Seehofer_August_2013-300x300.jpg 300w, https:\/\/www.keinblatt.de\/blog\/wp-content\/uploads\/2014\/09\/480px-MP_Horst_Seehofer_August_2013-144x144.jpg 144w\" sizes=\"auto, (max-width: 480px) 100vw, 480px\" \/><figcaption id=\"caption-attachment-987\" class=\"wp-caption-text\">Der bayerische Ministerpr\u00e4sident Dr. populistis Horst Seehofer (CSU): Asylverfahren auf Lichtgeschwindigkeit beschleunigen. Foto: <a href=\"https:\/\/commons.wikimedia.org\/wiki\/File:MP_Horst_Seehofer,_August_2013.jpg?uselang=de\" target=\"_blank\">Freud<\/a> \/ Lizenz: <a href=\"https:\/\/creativecommons.org\/licenses\/by-sa\/3.0\/deed.de\" target=\"_blank\">CC BY-SA 3.0<\/a><\/figcaption><\/figure>\n<p>Populist Horst Seehofer (CSU) will das Asylrecht drastisch versch\u00e4rfen. In Zukunft sollen nur noch Fl\u00fcchtlinge nach Deutschland einreisen d\u00fcrfen, wenn sie einen pers\u00f6nlich vor Ort in Deutschland gestellten und vor mindestens sechs Wochen bewilligten Asylantrag vorweisen k\u00f6nnen. Au\u00dferdem m\u00fcssten sie eine einmalige Einreisegeb\u00fchr entrichten, die sogenannte Ausl\u00e4nder-Infrastrukturabgabe. Die H\u00f6he dieser Geb\u00fchr soll noch im Kabinett festgelegt werden. Seehofer geht davon aus, dass ein neues Asylgesetz vom Bundestag durchgewunken wird. Widerstand sei keiner zu erwarten, da die Opposition gerade mal Rederecht habe und in der GroKo ohnehin alles von SPD und CDU abgeknickt werde, was er, Seehofer, wolle, um den Koalitionsfrieden nicht zu gef\u00e4hrden.<\/p>\n","protected":false},"excerpt":{"rendered":"<p>Populist Horst Seehofer (CSU) will das Asylrecht drastisch versch\u00e4rfen. In Zukunft sollen nur noch Fl\u00fcchtlinge nach Deutschland einreisen d\u00fcrfen, wenn sie einen pers\u00f6nlich vor Ort in Deutschland gestellten und vor mindestens sechs Wochen bewilligten Asylantrag vorweisen k\u00f6nnen. Au\u00dferdem m\u00fcssten sie eine einmalige Einreisegeb\u00fchr entrichten, die sogenannte Ausl\u00e4nder-Infrastrukturabgabe. Die H\u00f6he dieser Geb\u00fchr soll noch im Kabinett [&hellip;]<\/p>\n","protected":false},"author":1,"featured_media":0,"comment_status":"open","ping_status":"open","sticky":false,"template":"","format":"standard","meta":{"footnotes":""},"categories":[2,6],"tags":[241,168,240,1191],"class_list":["post-1181","post","type-post","status-publish","format-standard","hentry","category-gesellschaftliches","category-politik","tag-asyl","tag-fluechtlinge","tag-horst-seehofer","tag-migranten"],"_links":{"self":[{"href":"https:\/\/www.keinblatt.de\/blog\/wp-json\/wp\/v2\/posts\/1181","targetHints":{"allow":["GET"]}}],"collection":[{"href":"https:\/\/www.keinblatt.de\/blog\/wp-json\/wp\/v2\/posts"}],"about":[{"href":"https:\/\/www.keinblatt.de\/blog\/wp-json\/wp\/v2\/types\/post"}],"author":[{"embeddable":true,"href":"https:\/\/www.keinblatt.de\/blog\/wp-json\/wp\/v2\/users\/1"}],"replies":[{"embeddable":true,"href":"https:\/\/www.keinblatt.de\/blog\/wp-json\/wp\/v2\/comments?post=1181"}],"version-history":[{"count":0,"href":"https:\/\/www.keinblatt.de\/blog\/wp-json\/wp\/v2\/posts\/1181\/revisions"}],"wp:attachment":[{"href":"https:\/\/www.keinblatt.de\/blog\/wp-json\/wp\/v2\/media?parent=1181"}],"wp:term":[{"taxonomy":"category","embeddable":true,"href":"https:\/\/www.keinblatt.de\/blog\/wp-json\/wp\/v2\/categories?post=1181"},{"taxonomy":"post_tag","embeddable":true,"href":"https:\/\/www.keinblatt.de\/blog\/wp-json\/wp\/v2\/tags?post=1181"}],"curies":[{"name":"wp","href":"https:\/\/api.w.org\/{rel}","templated":true}]}}