{"id":1179,"date":"2015-01-02T16:30:31","date_gmt":"2015-01-02T15:30:31","guid":{"rendered":"http:\/\/www.keinblatt.de\/blog\/?p=1179"},"modified":"2015-04-15T09:34:56","modified_gmt":"2015-04-15T07:34:56","slug":"zeitschrift-emma-stiftet-beliebtesten-vornamen-2014","status":"publish","type":"post","link":"https:\/\/www.keinblatt.de\/blog\/zeitschrift-emma-stiftet-beliebtesten-vornamen-2014\/","title":{"rendered":"Zeitschrift &#8222;Emma&#8220; stiftet beliebtesten Vornamen 2014"},"content":{"rendered":"<p>Die Gleichberechtigungsbewegung der Frauen schreitet in Deutschland unnachgiebig weiter. Die nun vorgeschriebene Frauenquote von 30 % in Aufsichtsr\u00e4ten b\u00f6rsennotierter Unternehmen und bei Kloakentauchern ist das eine. Das andere sind Solidarit\u00e4tsbekundungen. Um dem Trend der Gleichberechtigung des weiblichen Geschlechts Ausdruck zu verleihen, wurde &#8222;Emma&#8220; \u2013 so hei\u00dft bekanntlich die Zeitschrift der Frauenrechtlerin Alice Schwarzer \u2013 <a href=\"https:\/\/www.t-online.de\/eltern\/schwangerschaft\/vornamen\/id_72324124\/beliebteste-vornamen-2014-emma-loest-mia-ab.html\" target=\"_blank\">2014 gar zum beliebtesten weiblichen Vornamen in Deutschland. <\/a>Schwarzer w\u00e4hlte ihrerzeit &#8222;Emma&#8220; als Namen f\u00fcr ihr Heft, weil dieser so nahe am Begriff &#8222;Emanzipation&#8220; liegt.<\/p>\n","protected":false},"excerpt":{"rendered":"<p>Die Gleichberechtigungsbewegung der Frauen schreitet in Deutschland unnachgiebig weiter. Die nun vorgeschriebene Frauenquote von 30 % in Aufsichtsr\u00e4ten b\u00f6rsennotierter Unternehmen und bei Kloakentauchern ist das eine. Das andere sind Solidarit\u00e4tsbekundungen. Um dem Trend der Gleichberechtigung des weiblichen Geschlechts Ausdruck zu verleihen, wurde &#8222;Emma&#8220; \u2013 so hei\u00dft bekanntlich die Zeitschrift der Frauenrechtlerin Alice Schwarzer \u2013 2014 [&hellip;]<\/p>\n","protected":false},"author":1,"featured_media":0,"comment_status":"open","ping_status":"open","sticky":false,"template":"","format":"standard","meta":{"footnotes":""},"categories":[2,5,6],"tags":[239,130,680],"class_list":["post-1179","post","type-post","status-publish","format-standard","hentry","category-gesellschaftliches","category-medien","category-politik","tag-alice-schwarzer","tag-emma","tag-vornamen"],"_links":{"self":[{"href":"https:\/\/www.keinblatt.de\/blog\/wp-json\/wp\/v2\/posts\/1179","targetHints":{"allow":["GET"]}}],"collection":[{"href":"https:\/\/www.keinblatt.de\/blog\/wp-json\/wp\/v2\/posts"}],"about":[{"href":"https:\/\/www.keinblatt.de\/blog\/wp-json\/wp\/v2\/types\/post"}],"author":[{"embeddable":true,"href":"https:\/\/www.keinblatt.de\/blog\/wp-json\/wp\/v2\/users\/1"}],"replies":[{"embeddable":true,"href":"https:\/\/www.keinblatt.de\/blog\/wp-json\/wp\/v2\/comments?post=1179"}],"version-history":[{"count":0,"href":"https:\/\/www.keinblatt.de\/blog\/wp-json\/wp\/v2\/posts\/1179\/revisions"}],"wp:attachment":[{"href":"https:\/\/www.keinblatt.de\/blog\/wp-json\/wp\/v2\/media?parent=1179"}],"wp:term":[{"taxonomy":"category","embeddable":true,"href":"https:\/\/www.keinblatt.de\/blog\/wp-json\/wp\/v2\/categories?post=1179"},{"taxonomy":"post_tag","embeddable":true,"href":"https:\/\/www.keinblatt.de\/blog\/wp-json\/wp\/v2\/tags?post=1179"}],"curies":[{"name":"wp","href":"https:\/\/api.w.org\/{rel}","templated":true}]}}