{"id":1116,"date":"2014-11-23T01:04:19","date_gmt":"2014-11-23T00:04:19","guid":{"rendered":"http:\/\/www.keinblatt.de\/blog\/?p=1116"},"modified":"2015-04-15T18:36:38","modified_gmt":"2015-04-15T16:36:38","slug":"schwesig-will-familienwahlrecht-pro-kind-eine-stimme-pro-hund-eine-halbe-stimme-mehr","status":"publish","type":"post","link":"https:\/\/www.keinblatt.de\/blog\/schwesig-will-familienwahlrecht-pro-kind-eine-stimme-pro-hund-eine-halbe-stimme-mehr\/","title":{"rendered":"Schwesig will Familienwahlrecht \u2013 pro Kind eine Stimme, pro Hund eine halbe Stimme mehr"},"content":{"rendered":"<figure id=\"attachment_1117\" aria-describedby=\"caption-attachment-1117\" style=\"width: 420px\" class=\"wp-caption alignleft\"><img loading=\"lazy\" decoding=\"async\" class=\"size-full wp-image-1117\" src=\"https:\/\/www.keinblatt.de\/blog\/wp-content\/uploads\/2014\/11\/Manuela_Schwesig_2.jpg\" alt=\"Manuela Schwesig\" width=\"420\" height=\"599\" srcset=\"https:\/\/www.keinblatt.de\/blog\/wp-content\/uploads\/2014\/11\/Manuela_Schwesig_2.jpg 420w, https:\/\/www.keinblatt.de\/blog\/wp-content\/uploads\/2014\/11\/Manuela_Schwesig_2-210x300.jpg 210w\" sizes=\"auto, (max-width: 420px) 100vw, 420px\" \/><figcaption id=\"caption-attachment-1117\" class=\"wp-caption-text\">Manuela Schwesig: Kinder und Hunde an die Macht! Foto: <a href=\"https:\/\/commons.wikimedia.org\/wiki\/File:Manuela_Schwesig_2.jpg\" target=\"_blank\">Thomas Fries<\/a> \/ Lizenz: <a href=\"https:\/\/creativecommons.org\/licenses\/by-sa\/3.0\/de\/deed.en\" target=\"_blank\">CC BY-SA 3.0 DE<\/a><\/figcaption><\/figure>\n<p><a href=\"https:\/\/www.n-tv.de\/politik\/Schwesig-will-Familienwahlrecht-article14009641.html\" target=\"_blank\">Bundesfamilienministerin Manuela Schwesig (SPD) will Familien st\u00e4rken und plant ein Familienwahlrecht.<\/a> Damit erhalten in Zukunft auch Kinder das Wahlrecht, das aber wegen der fehlenden M\u00fcndigkeit der Kinder stellvertretend von den Eltern eingenommen werden soll. Eltern k\u00f6nnen dabei f\u00fcr jedes Kind eine zus\u00e4tzliche Stimme abgeben. &#8222;Die Kinder werden ja mal vollj\u00e4hrig, wenn sie nicht vorher abst\u00fcrzen, also sollen sie auch in der Gesellschaft geb\u00fchrend vertreten sein&#8220;, sagte Schwesig.<\/p>\n<p>Viele Paare haben aber keine Kinder, manche nicht ganz freiwillig, und schaffen sich als Kinderersatz einen Hund an. Hunde \u00fcbernehmen eine wichtige soziale Funktion in der Gesellschaft, sie geben den Menschen Halt, Trost, Besch\u00e4ftigung und Bewegung. F\u00fcr viele sind wie ein menschliches Familienmitglied. Um solche Paare und Familien nicht zu diskriminieren und auch, um das Recht von Tieren zu st\u00e4rken, geht Schwesig noch einen entscheidenden Schritt weiter. Sie will zus\u00e4tzlich pro Hund ebenfalls eine Stimme vorsehen, die aber nur als halbe Stimme gewichtet werden soll.<\/p>\n<p>Die Ber\u00fccksichtigung von Hunden ist relativ einfach m\u00f6glich, da die Hunde in den Kommunen wegen der zu entrichtenden Hundesteuer registriert sind. Andere Haustiere k\u00f6nnen nicht einbezogen werden, da diese nicht steuerpflichtig sind.<\/p>\n<p>Der Verband der Deutschen Hundehalter (VeDeHu) begr\u00fc\u00dft den Vorsto\u00df mit einer gro\u00dfz\u00fcgigen Spende an die SPD. Muslimische Verb\u00e4nde sind dagegen weit zur\u00fcckhaltender. Ein Verbandssprecher bef\u00fcrchtet eine Benachteiligung von Muslimen, die in Deutschland leben und die deutsche Staatsb\u00fcrgerschaft haben. Diese d\u00fcrfen zwar in Deutschland w\u00e4hlen, aber der Islam verbietet es ihnen, Hunde zu halten. Dieses Verbot existiere aus gutem Grunde, so der Sprecher. Jetzt ausgerechnet Hunde faktisch zu W\u00e4hlern zu machen, sei daher \u2013 so w\u00f6rtlich \u2013 ein &#8222;dicker Hund&#8220;.<img loading=\"lazy\" decoding=\"async\" class=\"vg\" src=\"https:\/\/ssl-vg03.met.vgwort.de\/na\/5108b391374f4a74baeb5ac653576bab\" alt=\"\" width=\"1\" height=\"1\" \/><\/p>\n","protected":false},"excerpt":{"rendered":"<p>Bundesfamilienministerin Manuela Schwesig (SPD) will Familien st\u00e4rken und plant ein Familienwahlrecht. Damit erhalten in Zukunft auch Kinder das Wahlrecht, das aber wegen der fehlenden M\u00fcndigkeit der Kinder stellvertretend von den Eltern eingenommen werden soll. Eltern k\u00f6nnen dabei f\u00fcr jedes Kind eine zus\u00e4tzliche Stimme abgeben. &#8222;Die Kinder werden ja mal vollj\u00e4hrig, wenn sie nicht vorher abst\u00fcrzen, [&hellip;]<\/p>\n","protected":false},"author":1,"featured_media":0,"comment_status":"open","ping_status":"open","sticky":false,"template":"","format":"standard","meta":{"footnotes":""},"categories":[2,15,6],"tags":[699,718,554,717],"class_list":["post-1116","post","type-post","status-publish","format-standard","hentry","category-gesellschaftliches","category-natur","category-politik","tag-blindenhunde","tag-familienwahlrecht","tag-kinder","tag-manuela-schwesig"],"_links":{"self":[{"href":"https:\/\/www.keinblatt.de\/blog\/wp-json\/wp\/v2\/posts\/1116","targetHints":{"allow":["GET"]}}],"collection":[{"href":"https:\/\/www.keinblatt.de\/blog\/wp-json\/wp\/v2\/posts"}],"about":[{"href":"https:\/\/www.keinblatt.de\/blog\/wp-json\/wp\/v2\/types\/post"}],"author":[{"embeddable":true,"href":"https:\/\/www.keinblatt.de\/blog\/wp-json\/wp\/v2\/users\/1"}],"replies":[{"embeddable":true,"href":"https:\/\/www.keinblatt.de\/blog\/wp-json\/wp\/v2\/comments?post=1116"}],"version-history":[{"count":0,"href":"https:\/\/www.keinblatt.de\/blog\/wp-json\/wp\/v2\/posts\/1116\/revisions"}],"wp:attachment":[{"href":"https:\/\/www.keinblatt.de\/blog\/wp-json\/wp\/v2\/media?parent=1116"}],"wp:term":[{"taxonomy":"category","embeddable":true,"href":"https:\/\/www.keinblatt.de\/blog\/wp-json\/wp\/v2\/categories?post=1116"},{"taxonomy":"post_tag","embeddable":true,"href":"https:\/\/www.keinblatt.de\/blog\/wp-json\/wp\/v2\/tags?post=1116"}],"curies":[{"name":"wp","href":"https:\/\/api.w.org\/{rel}","templated":true}]}}