{"id":1089,"date":"2014-11-07T11:57:15","date_gmt":"2014-11-07T10:57:15","guid":{"rendered":"http:\/\/www.keinblatt.de\/blog\/?p=1089"},"modified":"2015-04-15T18:29:43","modified_gmt":"2015-04-15T16:29:43","slug":"jahresangaben-v-chr-n-chr-religioese-propaganda-eu-stellt-kalender-auf-urknall-system-um","status":"publish","type":"post","link":"https:\/\/www.keinblatt.de\/blog\/jahresangaben-v-chr-n-chr-religioese-propaganda-eu-stellt-kalender-auf-urknall-system-um\/","title":{"rendered":"Jahresangaben v. Chr. \/ n. Chr. religi\u00f6se Propaganda \u2013 EU stellt Kalender auf &#8222;Urknall&#8220;-System um"},"content":{"rendered":"<figure id=\"attachment_1090\" aria-describedby=\"caption-attachment-1090\" style=\"width: 650px\" class=\"wp-caption alignnone\"><img loading=\"lazy\" decoding=\"async\" class=\"size-full wp-image-1090\" src=\"https:\/\/www.keinblatt.de\/blog\/wp-content\/uploads\/2014\/11\/12852514254_e1ff7ede3d_o-Bearbeitet.jpg\" alt=\"Kalender\" width=\"650\" height=\"430\" srcset=\"https:\/\/www.keinblatt.de\/blog\/wp-content\/uploads\/2014\/11\/12852514254_e1ff7ede3d_o-Bearbeitet.jpg 650w, https:\/\/www.keinblatt.de\/blog\/wp-content\/uploads\/2014\/11\/12852514254_e1ff7ede3d_o-Bearbeitet-300x198.jpg 300w, https:\/\/www.keinblatt.de\/blog\/wp-content\/uploads\/2014\/11\/12852514254_e1ff7ede3d_o-Bearbeitet-624x412.jpg 624w\" sizes=\"auto, (max-width: 650px) 100vw, 650px\" \/><figcaption id=\"caption-attachment-1090\" class=\"wp-caption-text\">So s\u00e4he der Kalender nach dem neuen System aus. Bild: <a href=\"https:\/\/www.flickr.com\/photos\/samjayanth\/12852514254\" target=\"_blank\">Joseph Jayanth<\/a>,\u00a0bearbeitet durch keinblatt.de \/ Lizenz: <a href=\"https:\/\/creativecommons.org\/licenses\/by\/2.0\/\" target=\"_blank\">CC BY 2.0<\/a><\/figcaption><\/figure>\n<p>Erst die langen SEPA-Kontonummern, nun auch noch das. Wir B\u00fcrger m\u00fcssen uns schon wieder einmal umgew\u00f6hnen. Die EU will ab 2018 einen neuen Kalender einf\u00fchren. Die Begr\u00fcndung ist logisch: Der jetzige Gregorianische Kalender basiert hinsichtlich des Nullwertes auf Christi Geburt. Dies sei z.B. f\u00fcr Nicht-Christen, etwa f\u00fcr Muslime, aber auch f\u00fcr Atheisten, absolut diskriminierend, so der EU-Justiz- und Gleichstellungskommissar Chris\u00f3stomos Populus, der unter anderem auch zur Wahrung des Gleichheitsprinzips zust\u00e4ndig ist. Religi\u00f6se Propaganda sei laut EU-Statuten nicht zul\u00e4ssig, wenn sie in den Alltag eines jeden eingreife, was bei der Dominanz kalendarischer Angaben klar der Fall sei.<\/p>\n<p>Au\u00dferdem seien die Jahresangaben auch unlogisch, und Berechnungen gestalteten sich schwierig, so Populus. Alles, was vor Christi Geburt stattgefunden habe, sei mit einet negativen Jahresangabe wie 385 v. Chr. versehen. &#8222;Rechnen Sie mal den Zeitraum zwischen 911 v. Chr. und 717 n. Chr. aus. Einfach ist das nicht.&#8220;, f\u00fchrt Populus aus.<\/p>\n<p>Viel einfacher und transparenter sei es, den Beginn der Z\u00e4hlung auf den Entstehungszeitpunkt des Weltalls, also den Urknall, zu legen. Damit entst\u00fcnden nur positive Zahlen, die noch dazu fern jeder religi\u00f6sen \u00dcberzeugung seien.<\/p>\n<p>Der Urknall habe nach allgemeiner Erkenntnis der Wissenschaft vor 14 Milliarden Jahren stattgefunden. Entsprechend schrieben wir heute nach dem neuen Kalender das Jahr 14.000.000.000.<\/p>\n<p>Bei Einf\u00fchrung des Kalenders 2018 w\u00fcrde dieser also im Jahr 14.000.000.004 starten. Alle Daten werden nun transparenter. Der Zweite Weltkrieg ist nach dem neuen Kalender im Jahre 13.999.999.931 zu Ende gegangen, Christi Geburt fand im Jahre 13.999.997.986 statt und der Bau der Cheops-Pyramide im Jahre 13.999.997.400 (im alten Kalender umst\u00e4ndlich 2.600 v. Chr.).<\/p>\n<p>Die EU-Kommission wird bei der n\u00e4chsten ISO-Tagung im Februar 2015 in Genf einen Normierungsantrag einbringen. Es wird davon ausgegangen, dass dieser durchgewunken und von allen Staaten weltweit \u00fcbernommen wird. Der Name des neuen Kalenders steht noch nicht endg\u00fcltig fest, es gilt aber als wahrscheinlich, dass die englische Bezeichnung &#8222;Big Bang&#8220; (f\u00fcr <em>Urknall<\/em>) im Namen verankert wird.<\/p>\n<p>Bis es so weit ist, muss einiges an Software aktualisiert werden. Dies bringt letztlich immense Auftr\u00e4ge f\u00fcr die Softwareindustrie, hat also auch f\u00fcr die Konjunktur positive Auswirkung. Kalender werden f\u00fcr eine \u00dcbergangszeit wahrscheinlich parallel auch die alte Gregorianische Jahreszahl tragen.<img loading=\"lazy\" decoding=\"async\" class=\"vg\" src=\"https:\/\/ssl-vg03.met.vgwort.de\/na\/2a9d3056abda495cab9fbb8ababe77cd\" alt=\"\" width=\"1\" height=\"1\" \/><\/p>\n","protected":false},"excerpt":{"rendered":"<p>Erst die langen SEPA-Kontonummern, nun auch noch das. Wir B\u00fcrger m\u00fcssen uns schon wieder einmal umgew\u00f6hnen. Die EU will ab 2018 einen neuen Kalender einf\u00fchren. Die Begr\u00fcndung ist logisch: Der jetzige Gregorianische Kalender basiert hinsichtlich des Nullwertes auf Christi Geburt. Dies sei z.B. f\u00fcr Nicht-Christen, etwa f\u00fcr Muslime, aber auch f\u00fcr Atheisten, absolut diskriminierend, so [&hellip;]<\/p>\n","protected":false},"author":1,"featured_media":0,"comment_status":"open","ping_status":"open","sticky":false,"template":"","format":"standard","meta":{"footnotes":""},"categories":[6,11],"tags":[108,713,712,714],"class_list":["post-1089","post","type-post","status-publish","format-standard","hentry","category-politik","category-religion","tag-eu","tag-gregorianischer-kalender","tag-kalender","tag-urknall"],"_links":{"self":[{"href":"https:\/\/www.keinblatt.de\/blog\/wp-json\/wp\/v2\/posts\/1089","targetHints":{"allow":["GET"]}}],"collection":[{"href":"https:\/\/www.keinblatt.de\/blog\/wp-json\/wp\/v2\/posts"}],"about":[{"href":"https:\/\/www.keinblatt.de\/blog\/wp-json\/wp\/v2\/types\/post"}],"author":[{"embeddable":true,"href":"https:\/\/www.keinblatt.de\/blog\/wp-json\/wp\/v2\/users\/1"}],"replies":[{"embeddable":true,"href":"https:\/\/www.keinblatt.de\/blog\/wp-json\/wp\/v2\/comments?post=1089"}],"version-history":[{"count":0,"href":"https:\/\/www.keinblatt.de\/blog\/wp-json\/wp\/v2\/posts\/1089\/revisions"}],"wp:attachment":[{"href":"https:\/\/www.keinblatt.de\/blog\/wp-json\/wp\/v2\/media?parent=1089"}],"wp:term":[{"taxonomy":"category","embeddable":true,"href":"https:\/\/www.keinblatt.de\/blog\/wp-json\/wp\/v2\/categories?post=1089"},{"taxonomy":"post_tag","embeddable":true,"href":"https:\/\/www.keinblatt.de\/blog\/wp-json\/wp\/v2\/tags?post=1089"}],"curies":[{"name":"wp","href":"https:\/\/api.w.org\/{rel}","templated":true}]}}