{"id":1087,"date":"2014-11-06T14:44:18","date_gmt":"2014-11-06T13:44:18","guid":{"rendered":"http:\/\/www.keinblatt.de\/blog\/?p=1087"},"modified":"2020-03-06T01:00:41","modified_gmt":"2020-03-06T00:00:41","slug":"monsterstreik-jetzt-streiken-auch-noch-die-aufzugfuehrer","status":"publish","type":"post","link":"https:\/\/www.keinblatt.de\/blog\/monsterstreik-jetzt-streiken-auch-noch-die-aufzugfuehrer\/","title":{"rendered":"Monsterstreik: Jetzt streiken auch noch die Aufzugf\u00fchrer!"},"content":{"rendered":"<figure id=\"attachment_1088\" aria-describedby=\"caption-attachment-1088\" style=\"width: 480px\" class=\"wp-caption alignnone\"><img loading=\"lazy\" decoding=\"async\" class=\"size-full wp-image-1088\" src=\"https:\/\/www.keinblatt.de\/blog\/wp-content\/uploads\/2014\/11\/5080923149_5f956355d2_z.jpg\" alt=\"Aufzugf\u00fchrer\" width=\"480\" height=\"640\" srcset=\"https:\/\/www.keinblatt.de\/blog\/wp-content\/uploads\/2014\/11\/5080923149_5f956355d2_z.jpg 480w, https:\/\/www.keinblatt.de\/blog\/wp-content\/uploads\/2014\/11\/5080923149_5f956355d2_z-225x300.jpg 225w\" sizes=\"auto, (max-width: 480px) 100vw, 480px\" \/><figcaption id=\"caption-attachment-1088\" class=\"wp-caption-text\">Streikt ab morgen: Auf-Zugf\u00fchrer. Foto: <a href=\"https:\/\/www.flickr.com\/photos\/neeta_lind\/5080923149\/\" target=\"_blank\">Neeta Lind<\/a> \/ Lizenz: <a href=\"https:\/\/creativecommons.org\/licenses\/by\/2.0\/\" target=\"_blank\">CC BY 2.0<\/a><\/figcaption><\/figure>\n<p>Es kommt f\u00fcr die Deutschen noch schlimmer. Als w\u00e4re der Streik der Lokf\u00fchrer nicht schon schlimm genug, hat jetzt auch die Gewerkschaft Deutscher Aufzugf\u00fchrer (GDAF) zu einem mehrt\u00e4gigen Streik aufgerufen. Ab morgen fr\u00fch um 4:00 sollen die Aufz\u00fcge in Deutschland f\u00fcr drei Tage ruhen.<\/p>\n<p>F\u00fcr Millionen Deutsche bedeutet dies, dass sie nun die Treppe benutzen m\u00fcssen, was in Hochh\u00e4usern ein eher zweifelhaftes Vergn\u00fcgen ist.<\/p>\n<p>Die Deutsche Aufzug AG will in Zukunft auf vertikale Personenbef\u00f6rderungsanlagen setzen, die ohne Fahrpersonal auskommen. Noch sei das Zukunftsmusik und nicht Fahrstuhlmusik, aber der f\u00fchrerlose Personenaufzug werde kommen, so Aufzugchef R\u00fcdiger Grube. Erste Tests seinen vielversprechend. Allerdings sei hier noch \u00dcberzeugungsarbeit notwendig. Nicht jeder traue der automatischen Technik, f\u00fchrt der Aufzugchef aus.<\/p>\n","protected":false},"excerpt":{"rendered":"<p>Es kommt f\u00fcr die Deutschen noch schlimmer. Als w\u00e4re der Streik der Lokf\u00fchrer nicht schon schlimm genug, hat jetzt auch die Gewerkschaft Deutscher Aufzugf\u00fchrer (GDAF) zu einem mehrt\u00e4gigen Streik aufgerufen. Ab morgen fr\u00fch um 4:00 sollen die Aufz\u00fcge in Deutschland f\u00fcr drei Tage ruhen. F\u00fcr Millionen Deutsche bedeutet dies, dass sie nun die Treppe benutzen [&hellip;]<\/p>\n","protected":false},"author":1,"featured_media":0,"comment_status":"open","ping_status":"open","sticky":false,"template":"","format":"standard","meta":{"footnotes":""},"categories":[2,6,17],"tags":[1815,549,1813,176,177],"class_list":["post-1087","post","type-post","status-publish","format-standard","hentry","category-gesellschaftliches","category-politik","category-technik","tag-aufzug","tag-aufzugfuehrer","tag-fahrstuhl","tag-gdl","tag-streik"],"_links":{"self":[{"href":"https:\/\/www.keinblatt.de\/blog\/wp-json\/wp\/v2\/posts\/1087","targetHints":{"allow":["GET"]}}],"collection":[{"href":"https:\/\/www.keinblatt.de\/blog\/wp-json\/wp\/v2\/posts"}],"about":[{"href":"https:\/\/www.keinblatt.de\/blog\/wp-json\/wp\/v2\/types\/post"}],"author":[{"embeddable":true,"href":"https:\/\/www.keinblatt.de\/blog\/wp-json\/wp\/v2\/users\/1"}],"replies":[{"embeddable":true,"href":"https:\/\/www.keinblatt.de\/blog\/wp-json\/wp\/v2\/comments?post=1087"}],"version-history":[{"count":0,"href":"https:\/\/www.keinblatt.de\/blog\/wp-json\/wp\/v2\/posts\/1087\/revisions"}],"wp:attachment":[{"href":"https:\/\/www.keinblatt.de\/blog\/wp-json\/wp\/v2\/media?parent=1087"}],"wp:term":[{"taxonomy":"category","embeddable":true,"href":"https:\/\/www.keinblatt.de\/blog\/wp-json\/wp\/v2\/categories?post=1087"},{"taxonomy":"post_tag","embeddable":true,"href":"https:\/\/www.keinblatt.de\/blog\/wp-json\/wp\/v2\/tags?post=1087"}],"curies":[{"name":"wp","href":"https:\/\/api.w.org\/{rel}","templated":true}]}}