{"id":1072,"date":"2014-10-28T02:12:33","date_gmt":"2014-10-28T01:12:33","guid":{"rendered":"http:\/\/www.keinblatt.de\/blog\/?p=1072"},"modified":"2015-04-10T22:44:43","modified_gmt":"2015-04-10T20:44:43","slug":"seehofer-droht-damit-100-zu-werden","status":"publish","type":"post","link":"https:\/\/www.keinblatt.de\/blog\/seehofer-droht-damit-100-zu-werden\/","title":{"rendered":"Seehofer droht damit, 100 zu werden"},"content":{"rendered":"<figure id=\"attachment_987\" aria-describedby=\"caption-attachment-987\" style=\"width: 480px\" class=\"wp-caption alignnone\"><img loading=\"lazy\" decoding=\"async\" class=\"size-full wp-image-987\" src=\"https:\/\/www.keinblatt.de\/blog\/wp-content\/uploads\/2014\/09\/480px-MP_Horst_Seehofer_August_2013.jpg\" alt=\"Horst Seehofer\" width=\"480\" height=\"480\" srcset=\"https:\/\/www.keinblatt.de\/blog\/wp-content\/uploads\/2014\/09\/480px-MP_Horst_Seehofer_August_2013.jpg 480w, https:\/\/www.keinblatt.de\/blog\/wp-content\/uploads\/2014\/09\/480px-MP_Horst_Seehofer_August_2013-150x150.jpg 150w, https:\/\/www.keinblatt.de\/blog\/wp-content\/uploads\/2014\/09\/480px-MP_Horst_Seehofer_August_2013-300x300.jpg 300w, https:\/\/www.keinblatt.de\/blog\/wp-content\/uploads\/2014\/09\/480px-MP_Horst_Seehofer_August_2013-144x144.jpg 144w\" sizes=\"auto, (max-width: 480px) 100vw, 480px\" \/><figcaption id=\"caption-attachment-987\" class=\"wp-caption-text\">Der bayerische Ministerpr\u00e4sident Horst Seehofer (CSU). Besser 100 und damit zwei Nullen im Alter als zwei Nullen im Kabinett \u2013 Foto: <a href=\"https:\/\/commons.wikimedia.org\/wiki\/File:MP_Horst_Seehofer,_August_2013.jpg?uselang=de\" target=\"_blank\">Freud<\/a> \/ Lizenz: <a href=\"https:\/\/creativecommons.org\/licenses\/by-sa\/3.0\/deed.de\" target=\"_blank\">CC BY-SA 3.0<\/a><\/figcaption><\/figure>\n<p>Bayerns Ministerpr\u00e4sident Horst Seehofer (CSU) legt nach. Erst drohte Seehofer damit, bei der Landtagswahl 2018 doch noch einmal als Kandidat f\u00fcr das Amt des Ministerpr\u00e4sidenten anzutreten. (In Bayern ist die Wahl nur pro forma, die CSU stellt stets den Ministerpr\u00e4sidenten.) Und zwar f\u00fcr den Fall, dass keine geordnete \u00dcbergabe an einen Nachfolger m\u00f6glich ist. Seehofer und Finanzminister Markus S\u00f6der gelten als total zerstritten. Letzterer hatte sich immer wieder in Seehofers Belange eingemischt und sich damit bei seinem Boss fast alle Sympathien verspielt. Als m\u00f6glicher Kronprinz hat sich S\u00f6der selbst stark besch\u00e4digt.<\/p>\n<p>Nun erweitert Seehofer seine Drohung. Er sei erst 65 und die Menschheit werde immer \u00e4lter. Er k\u00f6nne sich vorstellen, mindestens 100 zu werden und lange gesund zu bleiben. Das er\u00f6ffne viel Phantasie f\u00fcr viele, viele weitere Legislaturperioden \u00fcber 2023 hinaus \u2013 als Kapit\u00e4n an Bord, versteht sich.<\/p>\n","protected":false},"excerpt":{"rendered":"<p>Bayerns Ministerpr\u00e4sident Horst Seehofer (CSU) legt nach. Erst drohte Seehofer damit, bei der Landtagswahl 2018 doch noch einmal als Kandidat f\u00fcr das Amt des Ministerpr\u00e4sidenten anzutreten. (In Bayern ist die Wahl nur pro forma, die CSU stellt stets den Ministerpr\u00e4sidenten.) Und zwar f\u00fcr den Fall, dass keine geordnete \u00dcbergabe an einen Nachfolger m\u00f6glich ist. Seehofer [&hellip;]<\/p>\n","protected":false},"author":1,"featured_media":0,"comment_status":"open","ping_status":"open","sticky":false,"template":"","format":"standard","meta":{"footnotes":""},"categories":[2,6],"tags":[266,240,182,453],"class_list":["post-1072","post","type-post","status-publish","format-standard","hentry","category-gesellschaftliches","category-politik","tag-bayern","tag-horst-seehofer","tag-landtagswahl","tag-markus-soeder"],"_links":{"self":[{"href":"https:\/\/www.keinblatt.de\/blog\/wp-json\/wp\/v2\/posts\/1072","targetHints":{"allow":["GET"]}}],"collection":[{"href":"https:\/\/www.keinblatt.de\/blog\/wp-json\/wp\/v2\/posts"}],"about":[{"href":"https:\/\/www.keinblatt.de\/blog\/wp-json\/wp\/v2\/types\/post"}],"author":[{"embeddable":true,"href":"https:\/\/www.keinblatt.de\/blog\/wp-json\/wp\/v2\/users\/1"}],"replies":[{"embeddable":true,"href":"https:\/\/www.keinblatt.de\/blog\/wp-json\/wp\/v2\/comments?post=1072"}],"version-history":[{"count":0,"href":"https:\/\/www.keinblatt.de\/blog\/wp-json\/wp\/v2\/posts\/1072\/revisions"}],"wp:attachment":[{"href":"https:\/\/www.keinblatt.de\/blog\/wp-json\/wp\/v2\/media?parent=1072"}],"wp:term":[{"taxonomy":"category","embeddable":true,"href":"https:\/\/www.keinblatt.de\/blog\/wp-json\/wp\/v2\/categories?post=1072"},{"taxonomy":"post_tag","embeddable":true,"href":"https:\/\/www.keinblatt.de\/blog\/wp-json\/wp\/v2\/tags?post=1072"}],"curies":[{"name":"wp","href":"https:\/\/api.w.org\/{rel}","templated":true}]}}