{"id":1044,"date":"2014-10-15T22:00:01","date_gmt":"2014-10-15T20:00:01","guid":{"rendered":"http:\/\/www.keinblatt.de\/blog\/?p=1044"},"modified":"2015-07-18T22:16:39","modified_gmt":"2015-07-18T20:16:39","slug":"oettinger-ist-taeglich-online-fuer-2015-ist-eine-eigene-btx-seite-geplant","status":"publish","type":"post","link":"https:\/\/www.keinblatt.de\/blog\/oettinger-ist-taeglich-online-fuer-2015-ist-eine-eigene-btx-seite-geplant\/","title":{"rendered":"Oettinger ist t\u00e4glich online \u2013 f\u00fcr 2015 ist eine eigene Btx-Seite geplant"},"content":{"rendered":"<figure id=\"attachment_1045\" aria-describedby=\"caption-attachment-1045\" style=\"width: 200px\" class=\"wp-caption alignleft\"><a href=\"https:\/\/www.keinblatt.de\/blog\/wp-content\/uploads\/2014\/10\/MK29695_G\u00fcnther_Oettinger.jpg\"><img loading=\"lazy\" decoding=\"async\" class=\"size-medium wp-image-1045\" src=\"https:\/\/www.keinblatt.de\/blog\/wp-content\/uploads\/2014\/10\/MK29695_G\u00fcnther_Oettinger-200x300.jpg\" alt=\"G\u00fcnther Oettinger\" width=\"200\" height=\"300\" srcset=\"https:\/\/www.keinblatt.de\/blog\/wp-content\/uploads\/2014\/10\/MK29695_G\u00fcnther_Oettinger-200x300.jpg 200w, https:\/\/www.keinblatt.de\/blog\/wp-content\/uploads\/2014\/10\/MK29695_G\u00fcnther_Oettinger-624x936.jpg 624w, https:\/\/www.keinblatt.de\/blog\/wp-content\/uploads\/2014\/10\/MK29695_G\u00fcnther_Oettinger.jpg 682w\" sizes=\"auto, (max-width: 200px) 100vw, 200px\" \/><\/a><figcaption id=\"caption-attachment-1045\" class=\"wp-caption-text\">G\u00fcnther Oettinger. Foto: <a href=\"https:\/\/commons.wikimedia.org\/wiki\/File:MK29695_G%C3%BCnther_Oettinger.jpg\" target=\"_blank\">Martin Kraft<\/a> \/ Lizenz: <a href=\"https:\/\/creativecommons.org\/licenses\/by-sa\/3.0\/de\/\" target=\"_blank\">CC BY-SA 3.0 DE<\/a><\/figcaption><\/figure>\n<p>G\u00fcnther Oettinger (CDU), designierter EU-Internet-Kommissar, f\u00fchlt sich wohl im Internet. Jeden Tag sei er online. Manchmal benutze er sogar sein Eifon, um sich selbst Termine auszudrucken, um sie dann in seinen Kalender kleben zu k\u00f6nnen. Damit bringe er Print und Online wie gefordert n\u00e4her zusammen.<\/p>\n<p>Wenn er auf der Suche nach Informationen im Netz sei, schaue er im Netz nach, so der sympathische Schwabe. Das Netz sei eine gro\u00dfe Hilfe, um im Netz zurechtzukommen, f\u00fchrt Oettinger aus.<\/p>\n<p>Das revolution\u00e4rste Projekt kommt aber noch: F\u00fcr n\u00e4chstes Jahr plant Oettinger eine eigene Btx-Seite.<\/p>\n","protected":false},"excerpt":{"rendered":"<p>G\u00fcnther Oettinger (CDU), designierter EU-Internet-Kommissar, f\u00fchlt sich wohl im Internet. Jeden Tag sei er online. Manchmal benutze er sogar sein Eifon, um sich selbst Termine auszudrucken, um sie dann in seinen Kalender kleben zu k\u00f6nnen. Damit bringe er Print und Online wie gefordert n\u00e4her zusammen. Wenn er auf der Suche nach Informationen im Netz sei, [&hellip;]<\/p>\n","protected":false},"author":1,"featured_media":0,"comment_status":"open","ping_status":"open","sticky":false,"template":"","format":"standard","meta":{"footnotes":""},"categories":[6,17],"tags":[464,108,463,465],"class_list":["post-1044","post","type-post","status-publish","format-standard","hentry","category-politik","category-technik","tag-btx","tag-eu","tag-guenther-oettinger","tag-internet"],"_links":{"self":[{"href":"https:\/\/www.keinblatt.de\/blog\/wp-json\/wp\/v2\/posts\/1044","targetHints":{"allow":["GET"]}}],"collection":[{"href":"https:\/\/www.keinblatt.de\/blog\/wp-json\/wp\/v2\/posts"}],"about":[{"href":"https:\/\/www.keinblatt.de\/blog\/wp-json\/wp\/v2\/types\/post"}],"author":[{"embeddable":true,"href":"https:\/\/www.keinblatt.de\/blog\/wp-json\/wp\/v2\/users\/1"}],"replies":[{"embeddable":true,"href":"https:\/\/www.keinblatt.de\/blog\/wp-json\/wp\/v2\/comments?post=1044"}],"version-history":[{"count":0,"href":"https:\/\/www.keinblatt.de\/blog\/wp-json\/wp\/v2\/posts\/1044\/revisions"}],"wp:attachment":[{"href":"https:\/\/www.keinblatt.de\/blog\/wp-json\/wp\/v2\/media?parent=1044"}],"wp:term":[{"taxonomy":"category","embeddable":true,"href":"https:\/\/www.keinblatt.de\/blog\/wp-json\/wp\/v2\/categories?post=1044"},{"taxonomy":"post_tag","embeddable":true,"href":"https:\/\/www.keinblatt.de\/blog\/wp-json\/wp\/v2\/tags?post=1044"}],"curies":[{"name":"wp","href":"https:\/\/api.w.org\/{rel}","templated":true}]}}