{"id":1035,"date":"2014-10-10T02:36:11","date_gmt":"2014-10-10T00:36:11","guid":{"rendered":"http:\/\/www.keinblatt.de\/blog\/?p=1035"},"modified":"2015-04-12T02:08:51","modified_gmt":"2015-04-12T00:08:51","slug":"die-schuluniform-kommt-in-warnfarben-einfuehrung-2016","status":"publish","type":"post","link":"https:\/\/www.keinblatt.de\/blog\/die-schuluniform-kommt-in-warnfarben-einfuehrung-2016\/","title":{"rendered":"Die Schuluniform kommt \u2013 in Warnfarben! Einf\u00fchrung 2016"},"content":{"rendered":"<figure id=\"attachment_1036\" aria-describedby=\"caption-attachment-1036\" style=\"width: 456px\" class=\"wp-caption alignnone\"><img loading=\"lazy\" decoding=\"async\" class=\"size-full wp-image-1036\" src=\"https:\/\/www.keinblatt.de\/blog\/wp-content\/uploads\/2014\/10\/Schuluniform.jpg\" alt=\"Schuluniform\" width=\"456\" height=\"480\" srcset=\"https:\/\/www.keinblatt.de\/blog\/wp-content\/uploads\/2014\/10\/Schuluniform.jpg 456w, https:\/\/www.keinblatt.de\/blog\/wp-content\/uploads\/2014\/10\/Schuluniform-285x300.jpg 285w\" sizes=\"auto, (max-width: 456px) 100vw, 456px\" \/><figcaption id=\"caption-attachment-1036\" class=\"wp-caption-text\">Diese Farben sind die Basis f\u00fcr die Schuluniform. Neben Gelb als Tagesleuchtfarbe sind auch Orange und Gr\u00fcn m\u00f6glich. Foto: <a href=\"https:\/\/commons.wikimedia.org\/wiki\/File:Warnweste_ge.jpg\" target=\"_blank\">Otto Schraubinger<\/a> \/ Lizenz: <a href=\"https:\/\/creativecommons.org\/licenses\/by-sa\/3.0\/deed.en\" target=\"_blank\">CC BY-SA 3.0<\/a><\/figcaption><\/figure>\n<p>Jahrelang wurde nur diskutiert \u2013 jetzt aber macht Bundesbildungs- und Forschungsministerin Johanna Wanka (CDU) Ernst. In Deutschland wird f\u00fcr Sch\u00fcler das Tragen einer Uniform an allen st\u00e4dtischen und staatlichen Einrichtungen Pflicht. Neben Schulen wird die Verordnung auch in Kinderg\u00e4rten und \u00e4hnlichen Einrichtungen gelten.<\/p>\n<p>Wegen der Kulturhoheit der L\u00e4nder war eine enge Absprache mit den Kultusministern der Bundesl\u00e4nder notwendig. Wanka konnte hier eine Einigung erzielen, wenngleich die Bundesl\u00e4nder diverse Freiheiten bei der Umsetzung haben werden.<\/p>\n<p>Schuluniformen haben diverse Vorteile, etwa, dass der kollektive Druck, teure Markenkleidung tragen zu m\u00fcssen, wegf\u00e4llt. Damit wird die Chancengleichheit erh\u00f6ht und die soziale Herkunft r\u00fcckt noch weiter in den Hintergrund, als es bereits heute der Fall ist.<\/p>\n<h3>Nicht nur mehr Chancengleichheit \u2013 Wanke geht es auch um mehr Sicherheit im Stra\u00dfenverkehr<\/h3>\n<figure id=\"attachment_1037\" aria-describedby=\"caption-attachment-1037\" style=\"width: 300px\" class=\"wp-caption alignleft\"><a href=\"https:\/\/www.keinblatt.de\/blog\/wp-content\/uploads\/2014\/10\/Schuluniform2.jpg\"><img loading=\"lazy\" decoding=\"async\" class=\"size-medium wp-image-1037\" src=\"https:\/\/www.keinblatt.de\/blog\/wp-content\/uploads\/2014\/10\/Schuluniform2-300x179.jpg\" alt=\"Schuluniform\" width=\"300\" height=\"179\" srcset=\"https:\/\/www.keinblatt.de\/blog\/wp-content\/uploads\/2014\/10\/Schuluniform2-300x179.jpg 300w, https:\/\/www.keinblatt.de\/blog\/wp-content\/uploads\/2014\/10\/Schuluniform2-624x373.jpg 624w, https:\/\/www.keinblatt.de\/blog\/wp-content\/uploads\/2014\/10\/Schuluniform2-900x538.jpg 900w, https:\/\/www.keinblatt.de\/blog\/wp-content\/uploads\/2014\/10\/Schuluniform2.jpg 1024w\" sizes=\"auto, (max-width: 300px) 100vw, 300px\" \/><\/a><figcaption id=\"caption-attachment-1037\" class=\"wp-caption-text\">Mehr Sicherheit, mehr Zusammenhalt, einfach mehr! Foto: <a href=\"https:\/\/www.flickr.com\/photos\/garryknight\/5465399796\/\" target=\"_blank\">Garry Knight<\/a> \/ Lizenz: <a href=\"https:\/\/creativecommons.org\/licenses\/by-sa\/2.0\/\" target=\"_blank\">CC BY-SA 2.0<\/a><\/figcaption><\/figure>\n<p>Bundesministerin Wanke geht es aber um weit mehr \u2013 sie m\u00f6chte auch die Anzahl der Unf\u00e4lle im Stra\u00dfenverkehr senken und hat in ihr Eckpunktepapier Tagesleuchtfarbe mit retroreflektierenden Streifen vorgesehen. Denn die Uniformen werden ja auch auf dem Schulweg getragen. Die Bildungseinrichtungen haben dabei die Wahl zwischen gelber, oranger und gr\u00fcner Tagesleuchtfarbe und k\u00f6nnen weitere Gestaltungsmerkmale wie ein Schullogo vorsehen. Bayern konnte sich mit der Zulassung einer blauen Tagesleuchtfarbe nicht durchsetzen, zu gering sei die Leuchtkraft von Blau, so ein Expertengutachten. Wei\u00df-blaue Uniformen im Freistaat Bayern wird es damit nicht geben. Bundesverkehrsminister Alexander Dobrindt (CSU), der an dem Eckpunktepapier mitgearbeitet hat, zeigte sich dennoch begeistert.<\/p>\n<p>Aber auch Spott muss sich Wanka gefallen lassen, die bereits von Kollegen den Spitznamen &#8222;Ministerin Warnka&#8220; erhalten hat.<\/p>\n<p>Bereits im Schuljahr 2016\/2017 soll die Uniform fl\u00e4chendeckend vorgeschrieben sein.<img loading=\"lazy\" decoding=\"async\" class=\"vg\" src=\"https:\/\/ssl-vg03.met.vgwort.de\/na\/f44a2af1839b470a89e67d8d8457ce3a\" alt=\"\" width=\"1\" height=\"1\" \/><\/p>\n","protected":false},"excerpt":{"rendered":"<p>Jahrelang wurde nur diskutiert \u2013 jetzt aber macht Bundesbildungs- und Forschungsministerin Johanna Wanka (CDU) Ernst. In Deutschland wird f\u00fcr Sch\u00fcler das Tragen einer Uniform an allen st\u00e4dtischen und staatlichen Einrichtungen Pflicht. Neben Schulen wird die Verordnung auch in Kinderg\u00e4rten und \u00e4hnlichen Einrichtungen gelten. Wegen der Kulturhoheit der L\u00e4nder war eine enge Absprache mit den Kultusministern [&hellip;]<\/p>\n","protected":false},"author":1,"featured_media":0,"comment_status":"open","ping_status":"open","sticky":false,"template":"","format":"standard","meta":{"footnotes":""},"categories":[2,3],"tags":[115,508,507],"class_list":["post-1035","post","type-post","status-publish","format-standard","hentry","category-gesellschaftliches","category-wissenschaft","tag-alexander-dobrindt","tag-johanna-wanka","tag-schuluniform"],"_links":{"self":[{"href":"https:\/\/www.keinblatt.de\/blog\/wp-json\/wp\/v2\/posts\/1035","targetHints":{"allow":["GET"]}}],"collection":[{"href":"https:\/\/www.keinblatt.de\/blog\/wp-json\/wp\/v2\/posts"}],"about":[{"href":"https:\/\/www.keinblatt.de\/blog\/wp-json\/wp\/v2\/types\/post"}],"author":[{"embeddable":true,"href":"https:\/\/www.keinblatt.de\/blog\/wp-json\/wp\/v2\/users\/1"}],"replies":[{"embeddable":true,"href":"https:\/\/www.keinblatt.de\/blog\/wp-json\/wp\/v2\/comments?post=1035"}],"version-history":[{"count":0,"href":"https:\/\/www.keinblatt.de\/blog\/wp-json\/wp\/v2\/posts\/1035\/revisions"}],"wp:attachment":[{"href":"https:\/\/www.keinblatt.de\/blog\/wp-json\/wp\/v2\/media?parent=1035"}],"wp:term":[{"taxonomy":"category","embeddable":true,"href":"https:\/\/www.keinblatt.de\/blog\/wp-json\/wp\/v2\/categories?post=1035"},{"taxonomy":"post_tag","embeddable":true,"href":"https:\/\/www.keinblatt.de\/blog\/wp-json\/wp\/v2\/tags?post=1035"}],"curies":[{"name":"wp","href":"https:\/\/api.w.org\/{rel}","templated":true}]}}