{"id":1028,"date":"2014-10-07T03:32:02","date_gmt":"2014-10-07T01:32:02","guid":{"rendered":"http:\/\/www.keinblatt.de\/blog\/?p=1028"},"modified":"2020-02-08T19:31:55","modified_gmt":"2020-02-08T18:31:55","slug":"neue-uniform-fuer-ursula-von-der-leyen-das-schlagen-namhafte-designer-vor","status":"publish","type":"post","link":"https:\/\/www.keinblatt.de\/blog\/neue-uniform-fuer-ursula-von-der-leyen-das-schlagen-namhafte-designer-vor\/","title":{"rendered":"Neue Uniform f\u00fcr Ursula von der Leyen \u2013 das schlagen namhafte Designer vor"},"content":{"rendered":"<figure id=\"attachment_1029\" aria-describedby=\"caption-attachment-1029\" style=\"width: 640px\" class=\"wp-caption alignnone\"><a href=\"https:\/\/www.keinblatt.de\/blog\/wp-content\/uploads\/2014\/10\/MSC_2014_VonDerLeyen_Mueller_MSC2014.jpg\"><img loading=\"lazy\" decoding=\"async\" class=\"size-full wp-image-1029\" src=\"https:\/\/www.keinblatt.de\/blog\/wp-content\/uploads\/2014\/10\/MSC_2014_VonDerLeyen_Mueller_MSC2014.jpg\" alt=\"Ursuala von der Leyen\" width=\"640\" height=\"427\" srcset=\"https:\/\/www.keinblatt.de\/blog\/wp-content\/uploads\/2014\/10\/MSC_2014_VonDerLeyen_Mueller_MSC2014.jpg 640w, https:\/\/www.keinblatt.de\/blog\/wp-content\/uploads\/2014\/10\/MSC_2014_VonDerLeyen_Mueller_MSC2014-300x200.jpg 300w, https:\/\/www.keinblatt.de\/blog\/wp-content\/uploads\/2014\/10\/MSC_2014_VonDerLeyen_Mueller_MSC2014-624x416.jpg 624w\" sizes=\"auto, (max-width: 640px) 100vw, 640px\" \/><\/a><figcaption id=\"caption-attachment-1029\" class=\"wp-caption-text\">Ursula von der Leyen. Wie wird ihre neue Uniform aussehen? Foto: <a href=\"https:\/\/commons.wikimedia.org\/wiki\/File:MSC_2014_VonDerLeyen_Mueller_MSC2014.jpg\" target=\"_blank\">Marc M\u00fcller<\/a> \/ Lizenz: <a href=\"https:\/\/creativecommons.org\/licenses\/by\/3.0\/de\/deed.en\" target=\"_blank\">CC BY 3.0 DE<\/a><\/figcaption><\/figure>\n<p>Bundesverteidigungsministerin Ursula von der Leyen (CDU) will in Zukunft nur noch in Uniform in der \u00d6ffentlichkeit auftreten (keinblatt.de berichtete). Nat\u00fcrlich will die beliebte Ministerin nicht irgendeinen bereits verf\u00fcgbaren Fummel anziehen, sondern in einem Kleidungsst\u00fcck repr\u00e4sentieren, in dem sie die beste Figur macht. Die Frage ist also, wie ein Modell aussehen k\u00f6nnte, das ihrem Image und ihrer Karriere am wehrhaftesten dienlich ist.<\/p>\n<p>Eine solche Uniform muss freilich erst noch entworfen werden. In einer Studie, die von der Leyen in Auftrag gab und in die eine Auswahl der besten Modedesigner involviert wurde, schl\u00e4gt die \u00fcberw\u00e4ltigende Mehrheit der Designer das folgende Modell vor:<\/p>\n<p><a href=\"https:\/\/de.wikipedia.org\/wiki\/Tarnkappe\" target=\"_blank\" rel=\"noopener noreferrer\">Diese Uniform wird von den f\u00fchrenden Modedesignern f\u00fcr Ursula von der Leyen empfohlen.<\/a><\/p>\n<p>Frau von der Leyen soll sich bisher unbest\u00e4tigten Meldungen nach eher \u00fcberrascht gezeigt haben. Nach einiger Bedenkzeit soll die Ministerin aber dann doch Interesse signalisiert haben. Man k\u00f6nne au\u00dferdem die Idee weiterentwickeln, um M\u00e4ngel bei Bundeswehrfahrzeugen und Kampfjets zu kaschieren, wird die Ministerin zitiert.<\/p>\n","protected":false},"excerpt":{"rendered":"<p>Bundesverteidigungsministerin Ursula von der Leyen (CDU) will in Zukunft nur noch in Uniform in der \u00d6ffentlichkeit auftreten (keinblatt.de berichtete). Nat\u00fcrlich will die beliebte Ministerin nicht irgendeinen bereits verf\u00fcgbaren Fummel anziehen, sondern in einem Kleidungsst\u00fcck repr\u00e4sentieren, in dem sie die beste Figur macht. Die Frage ist also, wie ein Modell aussehen k\u00f6nnte, das ihrem Image und [&hellip;]<\/p>\n","protected":false},"author":1,"featured_media":0,"comment_status":"open","ping_status":"open","sticky":false,"template":"","format":"standard","meta":{"footnotes":""},"categories":[977,6],"tags":[209,593,592,207,2384],"class_list":["post-1028","post","type-post","status-publish","format-standard","hentry","category-konflikteterrormilitaer","category-politik","tag-bundeswehr","tag-mode","tag-uniform","tag-ursula-von-der-leyen","tag-verteidigungsministerium"],"_links":{"self":[{"href":"https:\/\/www.keinblatt.de\/blog\/wp-json\/wp\/v2\/posts\/1028","targetHints":{"allow":["GET"]}}],"collection":[{"href":"https:\/\/www.keinblatt.de\/blog\/wp-json\/wp\/v2\/posts"}],"about":[{"href":"https:\/\/www.keinblatt.de\/blog\/wp-json\/wp\/v2\/types\/post"}],"author":[{"embeddable":true,"href":"https:\/\/www.keinblatt.de\/blog\/wp-json\/wp\/v2\/users\/1"}],"replies":[{"embeddable":true,"href":"https:\/\/www.keinblatt.de\/blog\/wp-json\/wp\/v2\/comments?post=1028"}],"version-history":[{"count":0,"href":"https:\/\/www.keinblatt.de\/blog\/wp-json\/wp\/v2\/posts\/1028\/revisions"}],"wp:attachment":[{"href":"https:\/\/www.keinblatt.de\/blog\/wp-json\/wp\/v2\/media?parent=1028"}],"wp:term":[{"taxonomy":"category","embeddable":true,"href":"https:\/\/www.keinblatt.de\/blog\/wp-json\/wp\/v2\/categories?post=1028"},{"taxonomy":"post_tag","embeddable":true,"href":"https:\/\/www.keinblatt.de\/blog\/wp-json\/wp\/v2\/tags?post=1028"}],"curies":[{"name":"wp","href":"https:\/\/api.w.org\/{rel}","templated":true}]}}