{"id":1026,"date":"2014-10-06T01:40:00","date_gmt":"2014-10-05T23:40:00","guid":{"rendered":"http:\/\/www.keinblatt.de\/blog\/?p=1026"},"modified":"2016-04-20T20:02:32","modified_gmt":"2016-04-20T18:02:32","slug":"kohl-merkel-konnte-nicht-mit-messer-und-gabel-essen-bundeskanzlerin-wehrt-sich","status":"publish","type":"post","link":"https:\/\/www.keinblatt.de\/blog\/kohl-merkel-konnte-nicht-mit-messer-und-gabel-essen-bundeskanzlerin-wehrt-sich\/","title":{"rendered":"Kohl: &#8222;Merkel konnte nicht mit Messer und Gabel essen&#8220; \u2013 Bundeskanzlerin wehrt sich"},"content":{"rendered":"<figure id=\"attachment_1027\" aria-describedby=\"caption-attachment-1027\" style=\"width: 640px\" class=\"wp-caption alignnone\"><img loading=\"lazy\" decoding=\"async\" class=\"size-full wp-image-1027\" src=\"https:\/\/www.keinblatt.de\/blog\/wp-content\/uploads\/2014\/10\/3205743883_f0517b79bc_z.jpg\" alt=\"Schneidg\u00f6ffel\" width=\"640\" height=\"377\" srcset=\"https:\/\/www.keinblatt.de\/blog\/wp-content\/uploads\/2014\/10\/3205743883_f0517b79bc_z.jpg 640w, https:\/\/www.keinblatt.de\/blog\/wp-content\/uploads\/2014\/10\/3205743883_f0517b79bc_z-300x176.jpg 300w, https:\/\/www.keinblatt.de\/blog\/wp-content\/uploads\/2014\/10\/3205743883_f0517b79bc_z-624x367.jpg 624w\" sizes=\"auto, (max-width: 640px) 100vw, 640px\" \/><figcaption id=\"caption-attachment-1027\" class=\"wp-caption-text\">Merkels Schneidg\u00f6ffel (Abbildung \u00e4hnlich). Foto: <a href=\"https:\/\/www.flickr.com\/photos\/carbonnyc\/3205743883\/\" target=\"_blank\">David Goehring<\/a> \/ Lizenz: <a href=\"https:\/\/creativecommons.org\/licenses\/by\/2.0\/\" target=\"_blank\">CC BY 2.0<\/a><\/figcaption><\/figure>\n<p><a href=\"https:\/\/www.spiegel.de\/politik\/deutschland\/helmut-kohl-und-nachlass-cdu-politiker-ruehe-fordert-kohl-stiftung-a-995426.html\" target=\"_blank\">Wie das Hamburger Nachrichtenmagazin &#8222;Der Spiegel&#8220; berichtet<\/a>, soll die heutige Bundeskanzlerin Angela Merkel (CDU) laut einer fr\u00fcheren Aussage des Altkanzlers Helmut Kohl (CDU) nicht einmal dazu in der Lage gewesen sein, &#8222;richtig mit Messer und Gabel zu essen&#8220;.<\/p>\n<p>Inzwischen hat sich Merkel zur Wehr gesetzt. Diese Aussage sei gemein, so die Bundeskanzlerin, denn der Wiedervereinigungsaltkanzler sollte es eigentlich besser wissen. Aufgrund der Mangelplanwirtschaft der DDR habe es in ihrem Elternhaus gar keine Messer und Gabeln gegeben, ja nicht mal L\u00f6ffel. Metall sei schlie\u00dflich knapp gewesen, gespeist habe man daher bei ihr mit einem Einzelbesteck, das alles &#8222;in einem&#8220; gewesen sei, einem sogenannten <em>Schneidg\u00f6ffel \u2013<\/em> einer Kombination von Messer (Schneiden), G (Gabel) und L\u00f6ffel. Erst nach der Wiedervereinigung habe sie richtiges Besteck kennengelernt und das vereinigte Besteck zum Einschmelzen gegeben.<\/p>\n<p>Mit Messer, Gabel, Fischmesser, Butterstreicher, Messerbank, Tranchiergabel, Dessertgabel, Kaviarl\u00f6ffel,\u00a0Hummerzange und dem ganzen Zeug komme sie inzwischen klar, verfalle aber ab und zu in alte Muster. &#8222;Ganz weg kriegen sie alte Gewohnheiten nie&#8220;, sagte die Bundeskanzlerin unserer Redaktion, aber mit &#8222;Merkel und Gabel&#8220; (sic!) k\u00f6nne sie inzwischen essen.<\/p>\n<p>Das Problem bei dem geliebten Schneidg\u00f6ffel sei, dass man ja nur &#8222;ein einziges Teil&#8220; habe, mit dem man zwar schneiden, aber das zu Schneidende nicht gleichzeitig fixieren k\u00f6nne, so Merkel. Da habe sich auch schon einmal bei politischen Anl\u00e4ssen das eine oder andere selbstst\u00e4ndig gemacht und sei wo gelandet, wo es eigentlich nicht hingeh\u00f6rt habe. Auch sei alles nur bedingt hygienisch gewesen, da man ja den L\u00f6ffel am Gabelstiel halten musste und umgekehrt, erkl\u00e4rt Merkel. Weitere Details wolle sie unseren Lesern ersparen.<img loading=\"lazy\" decoding=\"async\" class=\"vg&quot;\" style=\"display: none ! important;\" src=\"https:\/\/ssl-vg03.met.vgwort.de\/na\/fe6f1468b08a40608d809a51aed42293\" alt=\"\" width=\"1\" height=\"1\" \/><\/p>\n","protected":false},"excerpt":{"rendered":"<p>Wie das Hamburger Nachrichtenmagazin &#8222;Der Spiegel&#8220; berichtet, soll die heutige Bundeskanzlerin Angela Merkel (CDU) laut einer fr\u00fcheren Aussage des Altkanzlers Helmut Kohl (CDU) nicht einmal dazu in der Lage gewesen sein, &#8222;richtig mit Messer und Gabel zu essen&#8220;. Inzwischen hat sich Merkel zur Wehr gesetzt. Diese Aussage sei gemein, so die Bundeskanzlerin, denn der Wiedervereinigungsaltkanzler [&hellip;]<\/p>\n","protected":false},"author":1,"featured_media":0,"comment_status":"open","ping_status":"open","sticky":false,"template":"","format":"standard","meta":{"footnotes":""},"categories":[4,26,2,6],"tags":[95,1318,1316,1317],"class_list":["post-1026","post","type-post","status-publish","format-standard","hentry","category-boulevard","category-braeuche","category-gesellschaftliches","category-politik","tag-angela-merkel","tag-gabel","tag-helmut-kohl","tag-messer"],"_links":{"self":[{"href":"https:\/\/www.keinblatt.de\/blog\/wp-json\/wp\/v2\/posts\/1026","targetHints":{"allow":["GET"]}}],"collection":[{"href":"https:\/\/www.keinblatt.de\/blog\/wp-json\/wp\/v2\/posts"}],"about":[{"href":"https:\/\/www.keinblatt.de\/blog\/wp-json\/wp\/v2\/types\/post"}],"author":[{"embeddable":true,"href":"https:\/\/www.keinblatt.de\/blog\/wp-json\/wp\/v2\/users\/1"}],"replies":[{"embeddable":true,"href":"https:\/\/www.keinblatt.de\/blog\/wp-json\/wp\/v2\/comments?post=1026"}],"version-history":[{"count":0,"href":"https:\/\/www.keinblatt.de\/blog\/wp-json\/wp\/v2\/posts\/1026\/revisions"}],"wp:attachment":[{"href":"https:\/\/www.keinblatt.de\/blog\/wp-json\/wp\/v2\/media?parent=1026"}],"wp:term":[{"taxonomy":"category","embeddable":true,"href":"https:\/\/www.keinblatt.de\/blog\/wp-json\/wp\/v2\/categories?post=1026"},{"taxonomy":"post_tag","embeddable":true,"href":"https:\/\/www.keinblatt.de\/blog\/wp-json\/wp\/v2\/tags?post=1026"}],"curies":[{"name":"wp","href":"https:\/\/api.w.org\/{rel}","templated":true}]}}